{"id":4532,"date":"2017-05-18T14:34:05","date_gmt":"2017-05-18T12:34:05","guid":{"rendered":"http:\/\/fsmcv.org\/?post_type=fsmcv-noticias&#038;p=4532"},"modified":"2021-04-06T17:45:56","modified_gmt":"2021-04-06T15:45:56","slug":"publicado-el-calendario-para-las-pruebas-de-acceso-las-ensenanzas-profesionales-de-musica-y-danza","status":"publish","type":"post","link":"https:\/\/fsmcv.org\/vl\/area-educativa-vl\/xarxa-centres-educatius\/publicado-el-calendario-para-las-pruebas-de-acceso-las-ensenanzas-profesionales-de-musica-y-danza\/","title":{"rendered":"Publicat el calendari per a les proves d&#8217;acc\u00e9s als ensenyaments professionals de m\u00fasica i dansa"},"content":{"rendered":"<p>El <a href=\"http:\/\/www.dogv.gva.es\/va\/resultat-dogv?signatura=2017\/4249&amp;L=0\" target=\"_blank\" rel=\"noopener\">Diari Oficial de la Generalitat Valenciana recull al n\u00famero de hui<\/a>\u00a0(DOGV n\u00fam. 8042 de 18.05.2017) la resoluci\u00f3 per la qual s&#8217;estableix el calendari per a la inscripci\u00f3 i realitzaci\u00f3 de les proves d&#8217;ingr\u00e9s i acc\u00e9s als estudis elementals i professionals de M\u00fasica i Dansa de la Comunitat Valenciana per al curs 2017-2018.<\/p>\n<p>Aquest calendari ser\u00e0 d&#8217;aplicaci\u00f3 als conservatoris i centres autoritzats per impartir ensenyaments elementals i professionals de m\u00fasica i dansa en l&#8217;\u00e0mbit de la gesti\u00f3 de la Comunitat Valenciana.<\/p>\n<p>&nbsp;<\/p>\n<h3>Ensenyaments professionals:<\/h3>\n<p><strong>Primera convocat\u00f2ria:<\/strong><br \/>\n&#8211; Inscripci\u00f3: des de les 9:00h del 18 de maig fins les 15:00 del 24 de maig.<br \/>\n&#8211; Realitzaci\u00f3 de les proves: del 12 de juny al 30 de juny.<\/p>\n<p>Llistes provisionals: 30 de maig.<\/p>\n<p>Llistes definitives: 5 de juny.<\/p>\n<p><strong>Segona convocat\u00f2ria:<\/strong><br \/>\n&#8211; Inscripci\u00f3: des de les 9:00h del 3 de juliol fins les 15:00 del 12 de juliol.<br \/>\n&#8211; Realitzaci\u00f3 de les proves: del 4 al 12 de setembre.<\/p>\n<p>Llistes provisionals: 18 de juliol.<\/p>\n<p>Llistes definitives: 24 de juliol.<\/p>\n<p>La inscripci\u00f3 haur\u00e0 de realitzar-se telem\u00e0ticament mitjan\u00e7ant la plataforma web habilitada per la Conselleria d&#8217;Educaci\u00f3 a tal efecte (<a href=\"http:\/\/www.gva.es\/va\/inicio\/procedimientos?id_proc=15946\" target=\"_blank\" rel=\"noopener\">tr\u00e0mit telem\u00e0tic per a ensenyaments elementals<\/a>, <a href=\"http:\/\/www.gva.es\/va\/inicio\/procedimientos?id_proc=17074\" target=\"_blank\" rel=\"noopener\">tr\u00e0mit telem\u00e0tic per a ensenyaments professionals<\/a>).<\/p>\n<p>Despr\u00e9s de la publicaci\u00f3 de les llistes provisionals, els sol\u00b7licitants tindran tres dies h\u00e0bils per esmenar errors o documentaci\u00f3.<\/p>\n<p>Tamb\u00e9 s&#8217;han obert\u00a0publicat les dates per als ensenyaments elementals:<\/p>\n<h3><strong>Proves per a l&#8217;ingr\u00e9s en primer curs:<\/strong><br \/>\n&#8211; Inscripci\u00f3: des de les 9:00h de l&#8217;1 de juny fins les 15:00h del 10 de juny.<br \/>\n&#8211; Realitzaci\u00f3 de les proves: de l&#8217;1 al 15 de setembre.<\/h3>\n<p><strong>Proves per a l&#8217;ingr\u00e9s en un curs diferent de primer:<\/strong><br \/>\n&#8211; Inscripci\u00f3: des de les 9:00h de l&#8217;1 de juny fins les 15:00h del 10 de juny.<br \/>\n&#8211; Realitzaci\u00f3 de les proves: durant el mes de setembre, despr\u00e9s de l&#8217;ingr\u00e9s de primer curs i abans del comen\u00e7ament del per\u00edode lectiu.<\/p>\n<p>Llistes provisionals: 16 de juny.<\/p>\n<p>Llistes definitives: 22 de juny.<\/p>\n<h3><\/h3>\n<h3><\/h3>\n<p>&nbsp;<\/p>\n","protected":false},"excerpt":{"rendered":"<p>La Conselleria d&#8217;Educaci\u00f3 ha publicat el calendari pel qual es regiran les dates d&#8217;inscripci\u00f3 i de realitzaci\u00f3 de les proves per a l&#8217;acc\u00e9s als ensenyaments professionals de m\u00fasica i dansa de la Comunitat Valenciana.<\/p>\n","protected":false},"author":2,"featured_media":0,"comment_status":"closed","ping_status":"closed","sticky":false,"template":"","format":"standard","meta":{"footnotes":""},"categories":[164],"tags":[],"class_list":["post-4532","post","type-post","status-publish","format-standard","hentry","category-xarxa-centres-educatius"],"_links":{"self":[{"href":"https:\/\/fsmcv.org\/vl\/wp-json\/wp\/v2\/posts\/4532","targetHints":{"allow":["GET"]}}],"collection":[{"href":"https:\/\/fsmcv.org\/vl\/wp-json\/wp\/v2\/posts"}],"about":[{"href":"https:\/\/fsmcv.org\/vl\/wp-json\/wp\/v2\/types\/post"}],"author":[{"embeddable":true,"href":"https:\/\/fsmcv.org\/vl\/wp-json\/wp\/v2\/users\/2"}],"replies":[{"embeddable":true,"href":"https:\/\/fsmcv.org\/vl\/wp-json\/wp\/v2\/comments?post=4532"}],"version-history":[{"count":0,"href":"https:\/\/fsmcv.org\/vl\/wp-json\/wp\/v2\/posts\/4532\/revisions"}],"wp:attachment":[{"href":"https:\/\/fsmcv.org\/vl\/wp-json\/wp\/v2\/media?parent=4532"}],"wp:term":[{"taxonomy":"category","embeddable":true,"href":"https:\/\/fsmcv.org\/vl\/wp-json\/wp\/v2\/categories?post=4532"},{"taxonomy":"post_tag","embeddable":true,"href":"https:\/\/fsmcv.org\/vl\/wp-json\/wp\/v2\/tags?post=4532"}],"curies":[{"name":"wp","href":"https:\/\/api.w.org\/{rel}","templated":true}]}}