{"id":45601,"date":"2021-11-16T10:17:10","date_gmt":"2021-11-16T09:17:10","guid":{"rendered":"https:\/\/fsmcv.org\/certamens\/lartistica-manisense-estrena-lobra-cappriccio-de-christiaan-janssen\/"},"modified":"2022-01-03T13:16:18","modified_gmt":"2022-01-03T12:16:18","slug":"lartistica-manisense-estrena-lobra-cappriccio-de-christiaan-janssen","status":"publish","type":"post","link":"https:\/\/fsmcv.org\/vl\/societats-musicals\/lartistica-manisense-estrena-lobra-cappriccio-de-christiaan-janssen\/","title":{"rendered":"L\u2019Art\u00edstica Manisense estrena l\u2019obra Cappriccio de Christiaan Janssen"},"content":{"rendered":"\n<p>La Banda Simf\u00f2nica de L\u2019Art\u00edstica Manisense, sota la batuta del seu director Bram Sniekers, estrena el pr\u00f2xim dissabte 20 de novembre l&#8217;obra <em>Cappriccio<\/em> de Christiaan Janssen, que ser\u00e0 la primera interpretaci\u00f3 d&#8217;aquesta pe\u00e7a a Espanya. L&#8217;actuaci\u00f3 de la Banda Simf\u00f2nica tindr\u00e0 lloc en la segona part del Concert de Santa Cec\u00edlia, durant el qual la formaci\u00f3 manisera interpretar\u00e0 tamb\u00e9 la <em>4a Simfonia<\/em> d&#8217;Alfred Reed coincidint amb el 100 aniversari del naixement del compositor estatunidenc.<\/p>\n\n<p>La primera part del concert estar\u00e0 a c\u00e0rrec de l&#8217;Orquestra Simf\u00f2nica de L\u2019Art\u00edstica Manisense, dirigida per Joan F. Miquel Zan\u00f3n, que interpretar\u00e0 les obres <em>Danz\u00f3n n\u00fam. 2<\/em>, d&#8217;Arturo M\u00e1rquez, i un arranjament del <em>Fantasma de l&#8217;\u00f2pera<\/em>, d&#8217;Andrew Lloyd Webber, que comptar\u00e0 amb la participaci\u00f3 de la soprano manisera M\u00aa \u00c1ngeles Lamb\u00edes.<\/p>\n\n<p><strong><em>Cappriccio<\/em>, una obra inspirada en una pintura<\/strong><\/p>\n\n<p>L&#8217;obra <em>Cappriccio<\/em> de Christiaan Janssen est\u00e0 inspirada en la pintura de 1758 <em>Cappriccio de Roma<\/em>, de Giovanni Paolo Pannini. Tal com explica el compositor, l\u2019obra comen\u00e7a amb un ambient tranquil com el que se sol viure en un museu, de manera que el p\u00fablic pot recrear la situaci\u00f3 que es troba de peu observant el quadre. A trav\u00e9s de la m\u00fasica, Janssen ens transporta a l&#8217;interior de la pintura i ens permet transitar pels diferents elements i paisatges.<\/p>\n\n<p>L&#8217;obra <em>Cappriccio<\/em> es va estrenar en 2015 a Luxemburg, per\u00f2 fins al moment no s&#8217;ha interpretat a Espanya. Este dissabte 20 de novembre, a les 19.30 hores, el p\u00fablic tindr\u00e0 l&#8217;ocasi\u00f3 d&#8217;escoltar aquesta pe\u00e7a en el Concert de Santa Cecilia de L\u2019Art\u00edstica Manisense, que es realitzar\u00e0 en el Pavell\u00f3 Municipal Luis Vilar de Manises, amb entrada lliure i gratu\u00efta.<\/p>\n\n<p><strong>Concert de Santa Cec\u00edlia<\/strong><\/p>\n\n<p><strong>Dissabte 20 de novembre \u2013 19:30 hores<\/strong><\/p>\n\n<p>Orquestra Simf\u00f2nica i Banda Simf\u00f2nica de L\u2019Art\u00edstica Manisense<\/p>\n\n<p>Pavell\u00f3 Municipal Luis Vilar de Manises<\/p>\n\n<p>C. Jos\u00e9 Luis Lazkanoiturburu Korkostegi, 5<\/p>\n\n<p>Barri Sant Francesc (Manises)<\/p>\n\n<p>Entrada lliure i gratu\u00efta fins a completar aforament<\/p>\n","protected":false},"excerpt":{"rendered":"<p>La Banda Simf\u00f2nica de L\u2019Art\u00edstica Manisense, sota la batuta del seu director Bram Sniekers, estrena el pr\u00f2xim dissabte 20 de novembre l&#8217;obra Cappriccio de Christiaan Janssen, que ser\u00e0 la primera interpretaci\u00f3 d&#8217;aquesta pe\u00e7a a Espanya. L&#8217;actuaci\u00f3 de la Banda Simf\u00f2nica tindr\u00e0 lloc en la segona part del Concert de Santa Cec\u00edlia, durant el qual la [&hellip;]<\/p>\n","protected":false},"author":9,"featured_media":45600,"comment_status":"open","ping_status":"closed","sticky":false,"template":"","format":"standard","meta":{"footnotes":""},"categories":[56],"tags":[],"class_list":["post-45601","post","type-post","status-publish","format-standard","has-post-thumbnail","hentry","category-societats-musicals"],"_links":{"self":[{"href":"https:\/\/fsmcv.org\/vl\/wp-json\/wp\/v2\/posts\/45601","targetHints":{"allow":["GET"]}}],"collection":[{"href":"https:\/\/fsmcv.org\/vl\/wp-json\/wp\/v2\/posts"}],"about":[{"href":"https:\/\/fsmcv.org\/vl\/wp-json\/wp\/v2\/types\/post"}],"author":[{"embeddable":true,"href":"https:\/\/fsmcv.org\/vl\/wp-json\/wp\/v2\/users\/9"}],"replies":[{"embeddable":true,"href":"https:\/\/fsmcv.org\/vl\/wp-json\/wp\/v2\/comments?post=45601"}],"version-history":[{"count":0,"href":"https:\/\/fsmcv.org\/vl\/wp-json\/wp\/v2\/posts\/45601\/revisions"}],"wp:featuredmedia":[{"embeddable":true,"href":"https:\/\/fsmcv.org\/vl\/wp-json\/wp\/v2\/media\/45600"}],"wp:attachment":[{"href":"https:\/\/fsmcv.org\/vl\/wp-json\/wp\/v2\/media?parent=45601"}],"wp:term":[{"taxonomy":"category","embeddable":true,"href":"https:\/\/fsmcv.org\/vl\/wp-json\/wp\/v2\/categories?post=45601"},{"taxonomy":"post_tag","embeddable":true,"href":"https:\/\/fsmcv.org\/vl\/wp-json\/wp\/v2\/tags?post=45601"}],"curies":[{"name":"wp","href":"https:\/\/api.w.org\/{rel}","templated":true}]}}