{"id":4597,"date":"2017-05-23T14:19:14","date_gmt":"2017-05-23T12:19:14","guid":{"rendered":"http:\/\/fsmcv.org\/?post_type=fsmcv-noticias&#038;p=4597"},"modified":"2021-04-06T17:36:01","modified_gmt":"2021-04-06T15:36:01","slug":"el-consell-escolar-de-la-comunitat-valenciana-organitza-el-concurs-rap-per-la-igualtat","status":"publish","type":"post","link":"https:\/\/fsmcv.org\/vl\/societats-musicals\/el-consell-escolar-de-la-comunitat-valenciana-organitza-el-concurs-rap-per-la-igualtat\/","title":{"rendered":"El Consell Escolar de la Comunitat Valenciana organitza el concurs &#8220;Rap per la igualtat&#8221;"},"content":{"rendered":"<p>&#8220;Rap per la igualtat&#8221; \u00e9s un concurs de rap dins la campanya #RqRqR, &#8220;Repensem les Relacions, Representem altres Realitats&#8221;, dirigit a l&#8217;alumnat dels centres educatius valencians i organitzat pel Consell Escolar de la Comunitat Valenciana en col\u00b7laboraci\u00f3 amb la Direcci\u00f3 General de Pol\u00edtica Ling\u00fc\u00edstica.<\/p>\n<p>L&#8217;objectiu del concurs \u00e9s doble: per una banda, promoure la reflexi\u00f3 entre la joventut per detectar situacions de desigualtat de g\u00e8nere i de micromasclismes infligits sobre les dones que els alumnes tenen interioritzats i denunciar-los per mig del rap amb el fi d&#8217;elaborar un informe amb propostes d&#8217;acci\u00f3 per superar-los; per altra, fomentar l&#8217;\u00fas del valenci\u00e0 en l&#8217;\u00e0mbit juvenil de la can\u00e7\u00f3.<\/p>\n<h3>Participants<\/h3>\n<p>Podran participar al concurs tots els alumnes del sistema educatiu des de l&#8217;Educaci\u00f3 Secund\u00e0ria Obligat\u00f2ria i el Batxiller fins els Cicles Formatius de Grau Mitj\u00e0. S&#8217;acceptaran solistes i grups. Podran presentar-se amb nom art\u00edstic (junt amb el propi) acompanyats d&#8217;una persona adulta, familiar o docent, que tamb\u00e9 s&#8217;inscriur\u00e0.<\/p>\n<p>Cada persona o grup podr\u00e0 presentar una \u00fanica can\u00e7\u00f3.<\/p>\n<h3>Presentaci\u00f3 i inscripci\u00f3<\/h3>\n<p>Per participar al concurs, ser\u00e0 necessari inscriure&#8217;s mitjan\u00e7ant el <a href=\"http:\/\/mestreacasa.gva.es\/web\/consellescolar\/concursderap\" target=\"_blank\" rel=\"noopener\">formulari disponible a la web de Consell Escolar<\/a>. Els participants hauran d&#8217;haver-se creat pr\u00e8viament un compte gratu\u00eft a Spreaker, a on pujaran la gravaci\u00f3 d&#8217;\u00e0udio de la can\u00e7\u00f3 rapeada.<\/p>\n<p>El termini de presentaci\u00f3 de les obres <strong>finalitza el dia 30 de juny<\/strong> del 2017.<\/p>\n<h3>Obres aspirants<\/h3>\n<p>Tant la lletra com la m\u00fasica han de ser originals, si b\u00e9 en el cas de la m\u00fasica, pot utilitzar-se una base llicenciada sota Creative Commons.<\/p>\n<p>El tema versar\u00e0 sobre l&#8217;objectiu principal de la convocat\u00f2ria descrit ad\u00e9s, i haur\u00e0 de ser en valenci\u00e0. La tornada contindr\u00e0 necess\u00e0riament el vers &#8220;Erre que erre que erre&#8221; i les idees contingudes a l&#8217;eslogan de la campanya, de manera igual o pareguda a l&#8217;original: &#8220;No pararem fins aconseguir la igualtat. Repensem les Relacions, Representem altres Realitats&#8221;.<\/p>\n<p>No s&#8217;acceptaran creacions presentades en concursos anteriors, ni amb continguts racistes, xen\u00f2fobs, sexistes o apolog\u00e8tics de la viol\u00e8ncia.<\/p>\n<h3>Premis<\/h3>\n<p>Es concediran tres premis:<\/p>\n<ol>\n<li>Primer premi: millor missatge que promoga els valors d&#8217;igualtat de g\u00e8nere i la detecci\u00f3 de micromasclismes. Dotat amb una taula de mescles de 5 canals, 5 micr\u00f2fons i un auricular per al grup o solista guanyador.<\/li>\n<li>Segon premi: millor qualitat ling\u00fc\u00edstica en correcci\u00f3, dicci\u00f3 valenciana, jocs de paraules i figures ret\u00f2riques. Dotat amb una taula de mescles de tres canals, tres micr\u00f2fons i un auricular.<\/li>\n<li>Tercer premi: el m\u00e9s valorat pel p\u00fablic. Es tindran en compte els likes i opinions emeses al compte d&#8217;Spreaker, retuits, citacions de tuits i likes a Twitter amb l&#8217;etiqueta #RAPperlaigualtat. Dotat amb una taula de mescles de tres canals, tres micr\u00f2fons i un auricular.<\/li>\n<\/ol>\n<p>El lliurament dels premis tindr\u00e0 lloc al voltant del 25 de novembre, en un acte en qu\u00e8 els finalistes de cada modalitat tindran que rapear o cantar davant el p\u00fablic les seues lletres.<\/p>\n<p>Podeu consultar les<a href=\"http:\/\/mestreacasa.gva.es\/web\/consellescolar\/concursderap\" target=\"_blank\" rel=\"noopener\"> bases completes i el formulari d&#8217;inscripci\u00f3 en aquest enlla\u00e7<\/a>.<\/p>\n<p>&nbsp;<\/p>\n<p>&nbsp;<\/p>\n","protected":false},"excerpt":{"rendered":"<p>El concurs pret\u00e9n promoure la reflexi\u00f3 al voltant de les situacions de desigualtat de g\u00e8nere i els micromasclismes, i a la vegada fomentar l&#8217;\u00fas del valenci\u00e0 en l&#8217;\u00e0mbit juvenil de la can\u00e7\u00f3. Les obres podran presentar-se fins el dia 30 de juny del 2017.<\/p>\n","protected":false},"author":2,"featured_media":0,"comment_status":"closed","ping_status":"closed","sticky":false,"template":"","format":"standard","meta":{"footnotes":""},"categories":[56],"tags":[],"class_list":["post-4597","post","type-post","status-publish","format-standard","hentry","category-societats-musicals"],"_links":{"self":[{"href":"https:\/\/fsmcv.org\/vl\/wp-json\/wp\/v2\/posts\/4597","targetHints":{"allow":["GET"]}}],"collection":[{"href":"https:\/\/fsmcv.org\/vl\/wp-json\/wp\/v2\/posts"}],"about":[{"href":"https:\/\/fsmcv.org\/vl\/wp-json\/wp\/v2\/types\/post"}],"author":[{"embeddable":true,"href":"https:\/\/fsmcv.org\/vl\/wp-json\/wp\/v2\/users\/2"}],"replies":[{"embeddable":true,"href":"https:\/\/fsmcv.org\/vl\/wp-json\/wp\/v2\/comments?post=4597"}],"version-history":[{"count":0,"href":"https:\/\/fsmcv.org\/vl\/wp-json\/wp\/v2\/posts\/4597\/revisions"}],"wp:attachment":[{"href":"https:\/\/fsmcv.org\/vl\/wp-json\/wp\/v2\/media?parent=4597"}],"wp:term":[{"taxonomy":"category","embeddable":true,"href":"https:\/\/fsmcv.org\/vl\/wp-json\/wp\/v2\/categories?post=4597"},{"taxonomy":"post_tag","embeddable":true,"href":"https:\/\/fsmcv.org\/vl\/wp-json\/wp\/v2\/tags?post=4597"}],"curies":[{"name":"wp","href":"https:\/\/api.w.org\/{rel}","templated":true}]}}