{"id":46241,"date":"2021-06-25T10:00:00","date_gmt":"2021-06-25T08:00:00","guid":{"rendered":"https:\/\/fsmcv.org\/?p=46241"},"modified":"2021-12-22T17:15:12","modified_gmt":"2021-12-22T16:15:12","slug":"convocatoria-subvencions-a-conservatoris-i-centres-autoritzats-de-musica-o-dansa-de-la-comunitat-valenciana","status":"publish","type":"post","link":"https:\/\/fsmcv.org\/vl\/convocatories-publiques\/convocatoria-subvencions-a-conservatoris-i-centres-autoritzats-de-musica-o-dansa-de-la-comunitat-valenciana\/","title":{"rendered":"Convocat\u00f2ria subvencions a conservatoris i centres autoritzats de M\u00fasica o Dansa de la Comunitat Valenciana"},"content":{"rendered":"\n<p>S&#8217;ha publicat la <em>Resoluci\u00f3 de 17 de juny de 2021, de la Direcci\u00f3 General de Formaci\u00f3 Professional y Ensenyament de R\u00e8gim Especial<\/em> per la qual es convoca en r\u00e8gim de concurr\u00e8ncia competitiva, subvencions destinades a conservatoris o centres autoritzats d&#8217;ensenyaments elementals o professionals de m\u00fasica o de dansa dependents de corporacions locals o d&#8217;entitats privades sense \u00e0nim de lucre, per a contribuir al finan\u00e7ament parcial de les despeses corrents d&#8217;aquests centres durant el curs 2020-2021.<\/p>\n\n\n\n<p>Les <strong>bases reguladores<\/strong> d&#8217;aquestes subvencions es poden consultar a trav\u00e9s del seg\u00fcent enlla\u00e7 web:<\/p>\n\n\n\n<p><\/p>\n\n\n\n<p> <a href=\"https:\/\/dogv.gva.es\/datos\/2016\/11\/08\/pdf\/2016_8801.pdf\" data-type=\"URL\" data-id=\"https:\/\/dogv.gva.es\/datos\/2016\/11\/08\/pdf\/2016_8801.pdf\" target=\"_blank\" rel=\"noopener\">Bases Reguladores de les subvencions per a les corporacions locals i entitats sense \u00e0nim de lucre que mantenen conservatoris o centres privats autoritzats.<\/a> <\/p>\n\n\n\n<p><\/p>\n\n\n\n<p><strong>Forma de presentaci\u00f3 de sol\u00b7licituds:<\/strong><\/p>\n\n\n\n<p>La tramitaci\u00f3 i presentaci\u00f3 de sol\u00b7licituds s&#8217;ha de realitzar exclusivament per mitjans electr\u00f2nics en la plataforma de tramitaci\u00f3 de la GVA. <\/p>\n\n\n\n<p>Per a realitzar la tramitaci\u00f3 electr\u00f2nica, el sol\u00b7licitant pot usar qualsevol dels certificats admesos per la seu electr\u00f2nica de la Generalitat, i <strong>l&#8217;\u00faltima sol\u00b7licitud presentada dins del termini establit ser\u00e0 l&#8217;\u00fanica que es considerar\u00e0 v\u00e0lida, juntament amb la documentaci\u00f3 que l&#8217;acompanya<\/strong>.<\/p>\n\n\n\n<p>Documentaci\u00f3: <a href=\"https:\/\/ceice.gva.es\/es\/web\/ensenanzas-regimen-especial\/\" data-type=\"URL\" data-id=\"https:\/\/ceice.gva.es\/es\/web\/ensenanzas-regimen-especial\/\" target=\"_blank\" rel=\"noopener\">https:\/\/ceice.gva.es\/es\/web\/ensenanzas-regimen-especial\/<\/a><\/p>\n\n\n\n<p>Acc\u00e8s a la tramitaci\u00f3: <a href=\"https:\/\/www.gva.es\/es\/inicio\/procedimientos?id_proc=18542&amp;version=amp\" data-type=\"URL\" data-id=\"https:\/\/www.gva.es\/es\/inicio\/procedimientos?id_proc=18542&amp;version=amp\" target=\"_blank\" rel=\"noopener\">https:\/\/www.gva.es\/es\/inicio\/procedimientos?id_proc=18542&amp;version=amp<\/a><\/p>\n\n\n\n<p><\/p>\n\n\n\n<p><strong>El<\/strong> <strong>termini de presentaci\u00f3 de les sol\u00b7licituds ser\u00e0 del 28 de juny al 16 de juliol de 2021.<\/strong> <\/p>\n\n\n\n<p>L&#8217;incompliment d&#8217;aquest termini determinar\u00e0 l&#8217;exclusi\u00f3 de la convocat\u00f2ria.<\/p>\n\n\n\n<p><\/p>\n","protected":false},"excerpt":{"rendered":"<p>S&#8217;ha publicat la Resoluci\u00f3 de 17 de juny de 2021, de la Direcci\u00f3 General de Formaci\u00f3 Professional y Ensenyament de R\u00e8gim Especial per la qual es convoca en r\u00e8gim de concurr\u00e8ncia competitiva, subvencions destinades a conservatoris o centres autoritzats d&#8217;ensenyaments elementals o professionals de m\u00fasica o de dansa dependents de corporacions locals o d&#8217;entitats privades [&hellip;]<\/p>\n","protected":false},"author":7,"featured_media":46134,"comment_status":"open","ping_status":"closed","sticky":false,"template":"","format":"standard","meta":{"footnotes":""},"categories":[45],"tags":[],"class_list":["post-46241","post","type-post","status-publish","format-standard","has-post-thumbnail","hentry","category-convocatories-publiques"],"_links":{"self":[{"href":"https:\/\/fsmcv.org\/vl\/wp-json\/wp\/v2\/posts\/46241","targetHints":{"allow":["GET"]}}],"collection":[{"href":"https:\/\/fsmcv.org\/vl\/wp-json\/wp\/v2\/posts"}],"about":[{"href":"https:\/\/fsmcv.org\/vl\/wp-json\/wp\/v2\/types\/post"}],"author":[{"embeddable":true,"href":"https:\/\/fsmcv.org\/vl\/wp-json\/wp\/v2\/users\/7"}],"replies":[{"embeddable":true,"href":"https:\/\/fsmcv.org\/vl\/wp-json\/wp\/v2\/comments?post=46241"}],"version-history":[{"count":0,"href":"https:\/\/fsmcv.org\/vl\/wp-json\/wp\/v2\/posts\/46241\/revisions"}],"wp:featuredmedia":[{"embeddable":true,"href":"https:\/\/fsmcv.org\/vl\/wp-json\/wp\/v2\/media\/46134"}],"wp:attachment":[{"href":"https:\/\/fsmcv.org\/vl\/wp-json\/wp\/v2\/media?parent=46241"}],"wp:term":[{"taxonomy":"category","embeddable":true,"href":"https:\/\/fsmcv.org\/vl\/wp-json\/wp\/v2\/categories?post=46241"},{"taxonomy":"post_tag","embeddable":true,"href":"https:\/\/fsmcv.org\/vl\/wp-json\/wp\/v2\/tags?post=46241"}],"curies":[{"name":"wp","href":"https:\/\/api.w.org\/{rel}","templated":true}]}}