{"id":46569,"date":"2019-11-14T10:20:00","date_gmt":"2019-11-14T09:20:00","guid":{"rendered":"https:\/\/fsmcv.org\/certamens\/obert-el-termini-per-a-la-presentacio-de-la-candidatura-a-la-beca-yamaha-music-foundation-of-europe\/"},"modified":"2021-12-27T13:55:19","modified_gmt":"2021-12-27T12:55:19","slug":"obert-el-termini-per-a-la-presentacio-de-la-candidatura-a-la-beca-yamaha-music-foundation-of-europe","status":"publish","type":"post","link":"https:\/\/fsmcv.org\/vl\/convocatories-publiques\/obert-el-termini-per-a-la-presentacio-de-la-candidatura-a-la-beca-yamaha-music-foundation-of-europe\/","title":{"rendered":"Obert el termini per a la presentaci\u00f3 de la candidatura a la beca Yamaha Music Foundation of Europe"},"content":{"rendered":"\n<p><\/p>\n\n<p>Yamaha, el major fabricant d&#8217;instruments musicals del m\u00f3n, va crear la Fundaci\u00f3 Musical Yamaha (YMF) a Tokio en 1966.<\/p>\n\n<p>El prop\u00f2sit d&#8217;aquesta fundaci\u00f3 \u00e9s estimular l&#8217;inter\u00e9s a tocar i gaudir de la m\u00fasica entre la gent del m\u00f3n sencer. La Yamaha Music Foundation of Europe (YMFE) \u00e9s una entitat europea sense \u00e0nim de lucre que es dedica, sobretot, a donar suport als estudiants de m\u00fasica amb talent a Europa.<\/p>\n\n<p>Des de 1990, la YMFE ha atorgat beques per valor de m\u00e9s d&#8217;un mili\u00f3 d&#8217;euros a m\u00e9s de 1.000 joves m\u00fasics destacats de tota Europa. Si eres estudiant de m\u00fasica, hauries d&#8217;aprofitar aquesta oportunitat.<\/p>\n\n<p>Una oportunitat que pot ser el punt de partida d&#8217;una prometedora carrera.<\/p>\n\n<p><strong>Programa de beques<\/strong><\/p>\n\n<p>El concurs de beques YMFE est\u00e0 obert a estudiants de m\u00fasica a temps complet de qualsevol nacionalitat que no siguen majors de 25 anys en el moment de la sol\u00b7licitud. Cada beca t\u00e9 un valor de 1.000,00 a 2.000,00 euros, depenent del pa\u00eds on estiga estudiant l&#8217;aspirant. La beca cobreix un any i els diners pot utilitzar-se per a qualsevol prop\u00f2sit relacionat amb l&#8217;avan\u00e7 en l&#8217;estudi.<\/p>\n\n<p>Els sol\u00b7licitants seran seleccionats d&#8217;acord amb la seua capacitat musical actual i al potencial futur que demostren.<\/p>\n\n<p>La base per a aquesta avaluaci\u00f3 \u00e9s una primera ronda amb una interpretaci\u00f3 gravada i despr\u00e9s una actuaci\u00f3 en directe en la selecci\u00f3 final<\/p>\n\n<p>Els comit\u00e9s de selecci\u00f3, constitu\u00efts per figures experimentades del m\u00f3n de la m\u00fasica, seleccionaran als aspirants m\u00e9s idonis.<\/p>\n\n<p>Des de 1990 han existit programes de beques per a diverses disciplines, incloent instruments de vent metall i\/o fusta, piano, cordes, percussi\u00f3 i veu.<strong>Inscripcions<\/strong><\/p>\n\n<p>Els interessats hauran de descarregar i completar el <a href=\"https:\/\/docenotas.us3.list-manage.com\/track\/click?u=8e99e7bffd5dfb55e1522faa3&amp;id=ffd683399d&amp;e=d7b15cb182\" target=\"_blank\" rel=\"noreferrer noopener\">formulari de sol\u00b7licitud<\/a> i enviar-lo a l&#8217;adre\u00e7a indicada en el mateix juntament amb l&#8217;enregistrament en dos exemplars. Els sol\u00b7licitants no han de tindre m\u00e9s de 25 anys d&#8217;edat.<\/p>\n\n<p><strong>El termini de lliurament expira el 30 de novembre de 2019.<\/strong><\/p>\n","protected":false},"excerpt":{"rendered":"<p>Yamaha, el major fabricant d&#8217;instruments musicals del m\u00f3n, va crear la Fundaci\u00f3 Musical Yamaha (YMF) a Tokio en 1966. El prop\u00f2sit d&#8217;aquesta fundaci\u00f3 \u00e9s estimular l&#8217;inter\u00e9s a tocar i gaudir de la m\u00fasica entre la gent del m\u00f3n sencer. La Yamaha Music Foundation of Europe (YMFE) \u00e9s una entitat europea sense \u00e0nim de lucre que [&hellip;]<\/p>\n","protected":false},"author":17,"featured_media":46355,"comment_status":"open","ping_status":"closed","sticky":false,"template":"","format":"standard","meta":{"footnotes":""},"categories":[45],"tags":[],"class_list":["post-46569","post","type-post","status-publish","format-standard","has-post-thumbnail","hentry","category-convocatories-publiques"],"_links":{"self":[{"href":"https:\/\/fsmcv.org\/vl\/wp-json\/wp\/v2\/posts\/46569","targetHints":{"allow":["GET"]}}],"collection":[{"href":"https:\/\/fsmcv.org\/vl\/wp-json\/wp\/v2\/posts"}],"about":[{"href":"https:\/\/fsmcv.org\/vl\/wp-json\/wp\/v2\/types\/post"}],"author":[{"embeddable":true,"href":"https:\/\/fsmcv.org\/vl\/wp-json\/wp\/v2\/users\/17"}],"replies":[{"embeddable":true,"href":"https:\/\/fsmcv.org\/vl\/wp-json\/wp\/v2\/comments?post=46569"}],"version-history":[{"count":0,"href":"https:\/\/fsmcv.org\/vl\/wp-json\/wp\/v2\/posts\/46569\/revisions"}],"wp:featuredmedia":[{"embeddable":true,"href":"https:\/\/fsmcv.org\/vl\/wp-json\/wp\/v2\/media\/46355"}],"wp:attachment":[{"href":"https:\/\/fsmcv.org\/vl\/wp-json\/wp\/v2\/media?parent=46569"}],"wp:term":[{"taxonomy":"category","embeddable":true,"href":"https:\/\/fsmcv.org\/vl\/wp-json\/wp\/v2\/categories?post=46569"},{"taxonomy":"post_tag","embeddable":true,"href":"https:\/\/fsmcv.org\/vl\/wp-json\/wp\/v2\/tags?post=46569"}],"curies":[{"name":"wp","href":"https:\/\/api.w.org\/{rel}","templated":true}]}}