{"id":46587,"date":"2021-08-27T11:52:26","date_gmt":"2021-08-27T09:52:26","guid":{"rendered":"https:\/\/fsmcv.org\/certamens\/la-armonica-de-san-antonio-cerca-cobrir-diversos-llocs-per-a-la-seua-escola-musico-jaime-hernandez\/"},"modified":"2021-12-27T14:21:52","modified_gmt":"2021-12-27T13:21:52","slug":"la-armonica-de-san-antonio-cerca-cobrir-diversos-llocs-per-a-la-seua-escola-musico-jaime-hernandez","status":"publish","type":"post","link":"https:\/\/fsmcv.org\/vl\/noticies-del-portal-docupacio\/la-armonica-de-san-antonio-cerca-cobrir-diversos-llocs-per-a-la-seua-escola-musico-jaime-hernandez\/","title":{"rendered":"La Arm\u00f3nica de San Antonio cerca cobrir diversos llocs per a la seua escola &#8220;M\u00fasico Jaime Hern\u00e1ndez&#8221;"},"content":{"rendered":"\n<p>La societat musical &#8220;la Arm\u00f3nica&#8221; de San Antonio de Requena ofereix tres vacants per a la seua escola de m\u00fasica &#8220;M\u00fasico Jaime Hern\u00e1ndez&#8221;:<\/p>\n\n<div style=\"height:30px\" aria-hidden=\"true\" class=\"wp-block-spacer\"><\/div>\n\n<p class=\"has-text-align-center has-vivid-red-color has-text-color has-medium-font-size\"><strong>Es busca PROFESSOR\/A DE JARD\u00cd MUSICAL<\/strong><\/p>\n\n<p class=\"has-text-align-center\">Es requereix una d&#8217;aquestes titulacions:<\/p>\n\n<p class=\"has-text-align-center\">Grau de Mestre de Primari amb menci\u00f3 en M\u00fasica<br\/>Grau de Mestre de qualsevol especialitat + Grau<br\/> Professional de la m\u00fasica<\/p>\n\n<p class=\"has-text-align-center\">Horari: Dilluns i dimarts (vesprada) &#8211; modificable<\/p>\n\n<p class=\"has-text-align-center\">Envia el teu curr\u00edculum a <a href=\"mailto:em.musicojaimehernandez@gmail.com\" data-type=\"mailto\" data-id=\"mailto:em.musicojaimehernandez@gmail.com\">em.musicojaimehernandez@gmail.com<\/a><\/p>\n\n<div style=\"height:26px\" aria-hidden=\"true\" class=\"wp-block-spacer\"><\/div>\n\n<hr class=\"wp-block-separator is-style-dots\"\/>\n\n<div style=\"height:40px\" aria-hidden=\"true\" class=\"wp-block-spacer\"><\/div>\n\n<p class=\"has-text-align-center has-vivid-red-color has-text-color has-medium-font-size\"><strong>Es busca PROFESSOR\/A DE GUITARRA<\/strong><\/p>\n\n<p class=\"has-text-align-center\">Imprescindible, almenys, T\u00edtol de Grau Professional<\/p>\n\n<p class=\"has-text-align-center\">Horari a concretar<\/p>\n\n<p class=\"has-text-align-center\">Envia el teu curr\u00edculum a <a href=\"mailto:em.musicojaimehernandez@gmail.com\" data-type=\"mailto\" data-id=\"mailto:em.musicojaimehernandez@gmail.com\">em.musicojaimehernandez@gmail.com<\/a><\/p>\n\n<div style=\"height:26px\" aria-hidden=\"true\" class=\"wp-block-spacer\"><\/div>\n\n<hr class=\"wp-block-separator is-style-dots\"\/>\n\n<div style=\"height:40px\" aria-hidden=\"true\" class=\"wp-block-spacer\"><\/div>\n\n<div class=\"wp-block-group is-layout-flow wp-block-group-is-layout-flow\">\n<p class=\"has-text-align-center has-vivid-red-color has-text-color has-medium-font-size\"><strong>Es busca PROFESSOR\/A DE VIOL\u00cd<\/strong><\/p>\n\n\n\n<p class=\"has-text-align-center\">Imprescindible, almenys, T\u00edtol de Grau Professional<\/p>\n\n\n\n<p class=\"has-text-align-center\">Horari a concretar<\/p>\n\n\n\n<p class=\"has-text-align-center\">Envia el teu curr\u00edculum a <a href=\"mailto:em.musicojaimehernandez@gmail.com\" data-type=\"mailto\" data-id=\"mailto:em.musicojaimehernandez@gmail.com\">em.musicojaimehernandez@gmail.com<\/a><\/p>\n<\/div>\n","protected":false},"excerpt":{"rendered":"<p>La societat musical &#8220;la Arm\u00f3nica&#8221; de San Antonio de Requena ofereix tres vacants per a la seua escola de m\u00fasica &#8220;M\u00fasico Jaime Hern\u00e1ndez&#8221;: Es busca PROFESSOR\/A DE JARD\u00cd MUSICAL Es requereix una d&#8217;aquestes titulacions: Grau de Mestre de Primari amb menci\u00f3 en M\u00fasicaGrau de Mestre de qualsevol especialitat + Grau Professional de la m\u00fasica Horari: [&hellip;]<\/p>\n","protected":false},"author":7,"featured_media":42797,"comment_status":"open","ping_status":"closed","sticky":false,"template":"","format":"standard","meta":{"footnotes":""},"categories":[167],"tags":[],"class_list":["post-46587","post","type-post","status-publish","format-standard","has-post-thumbnail","hentry","category-noticies-del-portal-docupacio"],"_links":{"self":[{"href":"https:\/\/fsmcv.org\/vl\/wp-json\/wp\/v2\/posts\/46587","targetHints":{"allow":["GET"]}}],"collection":[{"href":"https:\/\/fsmcv.org\/vl\/wp-json\/wp\/v2\/posts"}],"about":[{"href":"https:\/\/fsmcv.org\/vl\/wp-json\/wp\/v2\/types\/post"}],"author":[{"embeddable":true,"href":"https:\/\/fsmcv.org\/vl\/wp-json\/wp\/v2\/users\/7"}],"replies":[{"embeddable":true,"href":"https:\/\/fsmcv.org\/vl\/wp-json\/wp\/v2\/comments?post=46587"}],"version-history":[{"count":0,"href":"https:\/\/fsmcv.org\/vl\/wp-json\/wp\/v2\/posts\/46587\/revisions"}],"wp:featuredmedia":[{"embeddable":true,"href":"https:\/\/fsmcv.org\/vl\/wp-json\/wp\/v2\/media\/42797"}],"wp:attachment":[{"href":"https:\/\/fsmcv.org\/vl\/wp-json\/wp\/v2\/media?parent=46587"}],"wp:term":[{"taxonomy":"category","embeddable":true,"href":"https:\/\/fsmcv.org\/vl\/wp-json\/wp\/v2\/categories?post=46587"},{"taxonomy":"post_tag","embeddable":true,"href":"https:\/\/fsmcv.org\/vl\/wp-json\/wp\/v2\/tags?post=46587"}],"curies":[{"name":"wp","href":"https:\/\/api.w.org\/{rel}","templated":true}]}}