{"id":46719,"date":"2022-01-10T15:24:28","date_gmt":"2022-01-10T14:24:28","guid":{"rendered":"https:\/\/fsmcv.org\/certamens\/la-banda-del-poble-nou-de-benitatxell-compta-amb-nova-junta-directiva-formada-per-huit-joves-musics\/"},"modified":"2022-01-18T16:39:26","modified_gmt":"2022-01-18T15:39:26","slug":"la-banda-del-poble-nou-de-benitatxell-compta-amb-nova-junta-directiva-formada-per-huit-joves-musics","status":"publish","type":"post","link":"https:\/\/fsmcv.org\/vl\/societats-musicals\/la-banda-del-poble-nou-de-benitatxell-compta-amb-nova-junta-directiva-formada-per-huit-joves-musics\/","title":{"rendered":"La Banda del Poble Nou de Benitatxell compta amb nova Junta Directiva formada per huit joves m\u00fasics"},"content":{"rendered":"\n<p><em>L&#8217;elecci\u00f3 de la nova Junta Directiva es va realitzar de manera autom\u00e0tica dissabte passat 8 de gener en presentar-se una \u00fanica candidatura unit\u00e0ria formada per huit m\u00fasics i m\u00fasiques de l&#8217;agrupaci\u00f3.<\/em><\/p>\n\n<p><br\/><em>La nova Junta Directiva ha comen\u00e7at a treballar des del moment de despr\u00e9s de l&#8217;elecci\u00f3 i espera aconseguir tots els objectius que s&#8217;han marcat per als pr\u00f2xims quatre anys.<\/em><\/p>\n\n<p><br\/>La Banda de M\u00fasica del Poble Nou de Benitatxell continua amb la seua renovaci\u00f3. Si el passat 17 de desembre, despr\u00e9s d&#8217;un proc\u00e9s democr\u00e0tic pioner a la comarca, va ser elegit el seu nou director, el saxofonista Manuel Romero, ara el canvi s&#8217;ha produ\u00eft en l&#8217;\u00f2rgan gestor de la banda, la Junta Directiva.<\/p>\n\n<p><br\/>Aix\u00ed, com es va anunciar als m\u00fasics i al p\u00fablic assistent en el concert de Santa Cec\u00edlia realitzat l&#8217;11 de desembre, el fins ara president, Josep Colomer, ha posat fi a quasi 10 anys al capdavant de la Junta Directiva. Un temps de gesti\u00f3 en el qual ha destacat, entre altres coses, la celebraci\u00f3 multitudin\u00e0ria del 25\u00e9 aniversari de la Banda de M\u00fasica, la realitzaci\u00f3 del documental \u201cAl ritme d\u2019un poble\u201d sobre la hist\u00f2ria de l&#8217;agrupaci\u00f3 o l&#8217;organitzaci\u00f3 del primer Festival de Bandes de M\u00fasica del Poble Nou de Benitatxell que es va celebrar el mes de juliol passat.<\/p>\n\n<p><br\/>La nova Junta Directiva, que va eixir triada de manera autom\u00e0tica, al sol haver-se presentat un candidatura unit\u00e0ria, en l&#8217;assemblea extraordin\u00e0ria celebrada el dissabte 8 de gener, estar\u00e0 presidida per Jose Andr\u00e9s Bolufer Ronda. Jose Andr\u00e9s t\u00e9 31 anys, \u00e9s membre de la Banda de M\u00fasica de Benitatxell des de fa quasi 20 anys i ha cursat els estudis superiors de m\u00fasica en l&#8217;especialitat de tuba en el Conservatori Superior de M\u00fasica \u2018Joaqu\u00edn Rodrigo\u2019 de Val\u00e8ncia.<\/p>\n\n<p><br\/>Els altres membres que formaran la nova Junta, tamb\u00e9 components de l&#8217;agrupaci\u00f3 musical, s\u00f3n: V\u00edctor Bisquert, de 29 anys i que ocupar\u00e0 el c\u00e0rrec de secretari; Isabel Buigues de 24 anys i que s&#8217;encarregar\u00e0 de la tresoreria; Lorena Mata, de 32 anys; Jose Oliver, de 19 anys; Gabriela Colomer, de 23 anys; Maria de la Mar Nebot, de 32 anys; i Carlos Buigues, de 24 anys. Una Junta Directiva molt jove i, a m\u00e9s, 100% parit\u00e0ria. Per\u00f2, m\u00e9s enll\u00e0 dels c\u00e0rrecs org\u00e0nics que marquen els estatuts, la nova Junta crear\u00e0 diferents secretaries (\u00e0rees de treball) que, en paraules dels seus components \u201cmillore la gesti\u00f3 de la Banda, s&#8217;adapte a les noves necessitats musicals i socials, i que pose la m\u00fasica en el centre\u201d. Entre les noves \u00e0rees que es van crear estaran les seg\u00fcents: secretaria d&#8217;organitzaci\u00f3, secretaria de comunicaci\u00f3, secretaria de dinamitzaci\u00f3 musical, secretaria de finances, documentaci\u00f3 i arxiu i c\u00e0rrec de portaveu.<\/p>\n\n<p>El nou president, en nom de tota la Junta, ha declarat estar \u201cmolt il\u00b7lusionat i amb ganes d&#8217;emprendre aquesta nova etapa\u201d en la qual tindr\u00e0 la sort de \u201ccompartir projecte amb m\u00fasics i amics\u201d i, sobretot, \u201ctreballar per a aconseguir tots els objectius marcats per als pr\u00f2xims quatre anys i que tindran com a eixos principals modernitzar el funcionament de la banda, la millora musical de l&#8217;agrupaci\u00f3, transpar\u00e8ncia i igualtat en la presa de decisions, millor comunicaci\u00f3, cohesi\u00f3 i coordinaci\u00f3 amb la banda i, sobretot, gaudir fent m\u00fasica\u201d.<\/p>\n\n<p><br\/>Ara b\u00e9, a pesar que la nova Junta Directiva estar\u00e0 formada per huit m\u00fasics es pret\u00e9n comptar amb col\u00b7laboradors, tant m\u00fasics, ex-m\u00fasics com a socis i s\u00f2cies. A m\u00e9s, i amb l&#8217;objectiu que \u201cel poble es torne a sentir orgull\u00f3s i identificat amb la seua Banda\u201d es buscaran mecenes que puguen patrocinar a l&#8217;agrupaci\u00f3 i es treballar\u00e0 per a continuar creixent en nombre de socis i s\u00f2cies. Entre moltes altres accions que es comen\u00e7aran a dur a terme ben prompte.<\/p>\n","protected":false},"excerpt":{"rendered":"<p>L&#8217;elecci\u00f3 de la nova Junta Directiva es va realitzar de manera autom\u00e0tica dissabte passat 8 de gener en presentar-se una \u00fanica candidatura unit\u00e0ria formada per huit m\u00fasics i m\u00fasiques de l&#8217;agrupaci\u00f3. La nova Junta Directiva ha comen\u00e7at a treballar des del moment de despr\u00e9s de l&#8217;elecci\u00f3 i espera aconseguir tots els objectius que s&#8217;han marcat [&hellip;]<\/p>\n","protected":false},"author":9,"featured_media":46717,"comment_status":"open","ping_status":"closed","sticky":false,"template":"","format":"standard","meta":{"footnotes":""},"categories":[56],"tags":[],"class_list":["post-46719","post","type-post","status-publish","format-standard","has-post-thumbnail","hentry","category-societats-musicals"],"_links":{"self":[{"href":"https:\/\/fsmcv.org\/vl\/wp-json\/wp\/v2\/posts\/46719","targetHints":{"allow":["GET"]}}],"collection":[{"href":"https:\/\/fsmcv.org\/vl\/wp-json\/wp\/v2\/posts"}],"about":[{"href":"https:\/\/fsmcv.org\/vl\/wp-json\/wp\/v2\/types\/post"}],"author":[{"embeddable":true,"href":"https:\/\/fsmcv.org\/vl\/wp-json\/wp\/v2\/users\/9"}],"replies":[{"embeddable":true,"href":"https:\/\/fsmcv.org\/vl\/wp-json\/wp\/v2\/comments?post=46719"}],"version-history":[{"count":0,"href":"https:\/\/fsmcv.org\/vl\/wp-json\/wp\/v2\/posts\/46719\/revisions"}],"wp:featuredmedia":[{"embeddable":true,"href":"https:\/\/fsmcv.org\/vl\/wp-json\/wp\/v2\/media\/46717"}],"wp:attachment":[{"href":"https:\/\/fsmcv.org\/vl\/wp-json\/wp\/v2\/media?parent=46719"}],"wp:term":[{"taxonomy":"category","embeddable":true,"href":"https:\/\/fsmcv.org\/vl\/wp-json\/wp\/v2\/categories?post=46719"},{"taxonomy":"post_tag","embeddable":true,"href":"https:\/\/fsmcv.org\/vl\/wp-json\/wp\/v2\/tags?post=46719"}],"curies":[{"name":"wp","href":"https:\/\/api.w.org\/{rel}","templated":true}]}}