{"id":46784,"date":"2022-01-15T09:36:31","date_gmt":"2022-01-15T08:36:31","guid":{"rendered":"https:\/\/fsmcv.org\/certamens\/el-micalet-prepara-una-celebracio-estatica-de-les-magues-de-gener-davant-lajuntament-de-valencia\/"},"modified":"2022-01-15T09:52:25","modified_gmt":"2022-01-15T08:52:25","slug":"el-micalet-prepara-una-celebracio-estatica-de-les-magues-de-gener-davant-lajuntament-de-valencia","status":"publish","type":"post","link":"https:\/\/fsmcv.org\/vl\/certamens\/el-micalet-prepara-una-celebracio-estatica-de-les-magues-de-gener-davant-lajuntament-de-valencia\/","title":{"rendered":"El Micalet prepara una celebraci\u00f3 est\u00e0tica de les Magues de Gener davant l&#8217;Ajuntament de Val\u00e8ncia"},"content":{"rendered":"\n<p>La <strong>Societat Coral el Micalet <\/strong>celebrar\u00e0 les <em>Magues de Gener<\/em> [Magas de Enero] en la pla\u00e7a de l&#8217;Ajuntament de Val\u00e8ncia el diumenge 16 de gener a les 11.30h, adaptant aix\u00ed la cavalcada a un esdeveniment est\u00e0tic i controlat amb diverses mesures sanit\u00e0ries, d&#8217;aforament i acc\u00e9s d&#8217;acord amb el protocol de seguretat establit pel consistori per a evitar qualsevol risc de contagi pel Covid-19.<\/p>\n\n<p>Les Magues de Gener protagonitzaran una Festa de la Infantesa que se celebrar\u00e0 baix el lema <em>Som diversitat<\/em>en la setena edici\u00f3 d&#8217;aquesta expressi\u00f3 c\u00edvica, i festiva, destinada a les xiquetes i xiquets, que celebra el solstici d&#8217;hivern. Les dones que encarnaran a aquests personatges enguany s\u00f3n Daniela Requena (Llibertat), periodista, activista LGTBI i <em>influencer<\/em>; Lucia Beamud (Igualtat), regidora delegada d&#8217;Igualtat, Pol\u00edtiques de G\u00e8nere i LGTBI, Pobles de Val\u00e8ncia i Espai P\u00fablic de l&#8217;Ajuntament de Val\u00e8ncia; i S\u00e9nia Mulayali (Fraternitat-Sororitat), <em>booktuber<\/em> valenciana.<\/p>\n\n<p>En aquest esdeveniment est\u00e0tic davant del consistori participaran nom\u00e9s 20 dels 51 grups de dol\u00e7aina i tabal, dansa, batucades, muixerangues, gegants i cabuts, animadors, associacions, institucions, plataformes, formacions musicals&#8230; que estaven previstos per a la cavalcada i que amb el seu comprom\u00eds i generositat fan possible aquesta celebraci\u00f3 declarada festa tradicional recentment. <\/p>\n\n<p>L&#8217;inici estar\u00e0 marcat per l&#8217;actuaci\u00f3 de les batucades i l&#8217;arribada de les Magues de Gener a les quals succeiran la m\u00fasica i l&#8217;espectacle que brindaran diferents agrupacions a les xiquetes i xiquets en aquesta manifestaci\u00f3 laica que culminar\u00e0 amb uns breus discursos de les magues i una actuaci\u00f3 que oferir\u00e0 el cantautor de Cocentaina Andreu Valor des del balc\u00f3 del consistori a la qual seguiran la pres\u00e8ncia de tots els grups de tabalet i dol\u00e7aina i de la Jove Muixeranga de Val\u00e8ncia.<\/p>\n\n<p><strong>Homenatge a Matilde Salvador<\/strong><\/p>\n\n<p>Les magues regalaran als xiquets roses de paper i un conte \u00e0mpliament il\u00b7lustrat, <em>Matilde Salvador, una vida musical<\/em>, on s&#8217;aborda la figura de la gran compositora castellonenca, autora de la primera \u00f2pera valenciana en valenci\u00e0, <em>La filla del rei barbut<\/em>, i l&#8217;\u00fanica dona que ha estrenat una \u00f2pera, <em>Vinatea<\/em>, en el Liceu de Barcelona. <\/p>\n\n<p>La Festa de la Infantesa pret\u00e9n aix\u00ed ensenyar el valor de la m\u00fasica i retre homenatge a Salvador (Castell\u00f3, 1918 &#8211; Val\u00e8ncia, 2007), una figura molt vinculada al Micalet que la va guardonar amb el Premi Miquelet d\u2019Honor en 1993 i li va posar el seu nom a l&#8217;escola de m\u00fasica. Aquest conte, aix\u00ed com el titulat <em>Les 3 Magues de Gener,<\/em> amb textos de Cristina Escriv\u00e0 i il\u00b7lustracions de Rom\u00e1n S\u00e1nchez, es poden descarregar gratu\u00eftament en la p\u00e0gina web i en les xarxes socials de la societat musical. <\/p>\n\n<p><strong>Mesures seguretat i aforament<\/strong><\/p>\n\n<p>Els responsables del Micalet han manifestat que s&#8217;extremaran les mesures de seguretat i sanit\u00e0ries. Aix\u00ed, els majors de 12 anys hauran d&#8217;ensenyar el passaport Covid-19 en l&#8217;entrada del recinte que estar\u00e0 delimitat per unes tanques; l&#8217;\u00fas de m\u00e0scara ser\u00e0 obligatori en tot moment per a les persones majors de 6 anys i no es podr\u00e0 fumar ni menjar; les cadires mantindran la dist\u00e0ncia necess\u00e0ria encara que els grups de conviv\u00e8ncia podran seure junts; i l&#8217;entrada i l&#8217;eixida del recinte haur\u00e0 de realitzar-se de manera ordenada i mantenint les dist\u00e0ncies. Les persones sense reserva no podran accedir al recinte.<\/p>\n\n<p>L&#8217;acte \u00e9s gratu\u00eft i davant el canvi de format, per la impossibilitat de celebrar la cavalcada, podr\u00e0 ser vist \u00fanicament per unes 600 persones assegudes que han reservat la seua pla\u00e7a en la p\u00e0gina web de la Societat Coral el Micalet. L&#8217;aforament es va omplir r\u00e0pidament i ara l&#8217;entitat continua recollint noves peticions en una llista d&#8217;espera per si es produ\u00efren baixes d&#8217;\u00faltima hora. <\/p>\n\n<p><strong>Activitats culturals<\/strong><\/p>\n\n<p>El Micalet ha dut a terme diverses activitats culturals que han jalonat la Festa de la Infantesa en la seu de la societat musical. En la convocat\u00f2ria oberta, fins al 9 de gener, per a participar en la II Mostra d&#8217;Art baix el lema <em>Som diversitat<\/em>, participaran pintors reconeguts amb una llarga traject\u00f2ria, uns altres que comencen a mostrar la seua obra i artistes gr\u00e0fics. Les deu persones finalistes s\u00f3n Dalila Eslava, Francesc Vaquer i Gregori, Gracia Gil Garc\u00eda-Yevenes, La M\u00e0gia d\u2019Imaginar, Manola Roig, Maximina Espeso, Paco Duart, Rafel Verdejo i Valenzuela, Rom\u00e1n S\u00e1nchez y S\u00e9mele.<\/p>\n\n<p>Amb anterioritat, es van inaugurar les exposicions <em>Despertem els sentits<\/em> de Gracia Gil, Francesc J. L\u00f3pez, Paco Duart i Empar Gasc\u00f3, i <em>Dona i S\u00e0hara<\/em> i es van realitzar dos confer\u00e8ncies: <em>Un projecte feminista per als campaments del S\u00e0hara<\/em> del grup Bus Violeta, i <em>Llei d&#8217;estrangeria, per a qu\u00e8?<\/em> a c\u00e0rrec de Jarit, una associaci\u00f3 civil, laica i sense \u00e0nim de lucre.<\/p>\n\n<p>El Micalet, una societat musical fundada l&#8217;any 1893, va ser declarada d&#8217;Utilitat P\u00fablica en 1978 i es configura com un espai de refer\u00e8ncia per la seua important activitat educativa i cultural, aix\u00ed com pel seu paper en l&#8217;articulaci\u00f3 de la societat civil valenciana des de fa 126 anys. L&#8217;entitat, sense \u00e0nim de lucre, compta amb 554 socis i 163 alumnes en el seu Escola de M\u00fasica Matilde Salvador, d&#8217;ensenyaments no reglats, i en el centre autoritzat Institut Musical Giner on s&#8217;imparteixen estudis oficials d&#8217;Ensenyament Elemental i Professional.<\/p>\n","protected":false},"excerpt":{"rendered":"<p>La Societat Coral el Micalet celebrar\u00e0 les Magues de Gener [Magas de Enero] en la pla\u00e7a de l&#8217;Ajuntament de Val\u00e8ncia el diumenge 16 de gener a les 11.30h, adaptant aix\u00ed la cavalcada a un esdeveniment est\u00e0tic i controlat amb diverses mesures sanit\u00e0ries, d&#8217;aforament i acc\u00e9s d&#8217;acord amb el protocol de seguretat establit pel consistori per [&hellip;]<\/p>\n","protected":false},"author":9,"featured_media":46782,"comment_status":"open","ping_status":"closed","sticky":false,"template":"","format":"standard","meta":{"footnotes":""},"categories":[234],"tags":[],"class_list":["post-46784","post","type-post","status-publish","format-standard","has-post-thumbnail","hentry","category-certamens"],"_links":{"self":[{"href":"https:\/\/fsmcv.org\/vl\/wp-json\/wp\/v2\/posts\/46784","targetHints":{"allow":["GET"]}}],"collection":[{"href":"https:\/\/fsmcv.org\/vl\/wp-json\/wp\/v2\/posts"}],"about":[{"href":"https:\/\/fsmcv.org\/vl\/wp-json\/wp\/v2\/types\/post"}],"author":[{"embeddable":true,"href":"https:\/\/fsmcv.org\/vl\/wp-json\/wp\/v2\/users\/9"}],"replies":[{"embeddable":true,"href":"https:\/\/fsmcv.org\/vl\/wp-json\/wp\/v2\/comments?post=46784"}],"version-history":[{"count":0,"href":"https:\/\/fsmcv.org\/vl\/wp-json\/wp\/v2\/posts\/46784\/revisions"}],"wp:featuredmedia":[{"embeddable":true,"href":"https:\/\/fsmcv.org\/vl\/wp-json\/wp\/v2\/media\/46782"}],"wp:attachment":[{"href":"https:\/\/fsmcv.org\/vl\/wp-json\/wp\/v2\/media?parent=46784"}],"wp:term":[{"taxonomy":"category","embeddable":true,"href":"https:\/\/fsmcv.org\/vl\/wp-json\/wp\/v2\/categories?post=46784"},{"taxonomy":"post_tag","embeddable":true,"href":"https:\/\/fsmcv.org\/vl\/wp-json\/wp\/v2\/tags?post=46784"}],"curies":[{"name":"wp","href":"https:\/\/api.w.org\/{rel}","templated":true}]}}