{"id":4682,"date":"2017-06-01T07:50:18","date_gmt":"2017-06-01T05:50:18","guid":{"rendered":"http:\/\/fsmcv.org\/?post_type=fsmcv-noticias&#038;p=4682"},"modified":"2021-04-06T17:11:08","modified_gmt":"2021-04-06T15:11:08","slug":"xativa-acoge-la-primera-escuela-de-verano-de-musica-emergents","status":"publish","type":"post","link":"https:\/\/fsmcv.org\/vl\/societats-musicals\/xativa-acoge-la-primera-escuela-de-verano-de-musica-emergents\/","title":{"rendered":"X\u00e0tiva acull la primera Escola d&#8217;Estiu de M\u00fasica Emergents"},"content":{"rendered":"<p>Este estiu tindr\u00e0 lloc a X\u00e0tiva &#8216;Emergents&#8217;, la primera escola de m\u00fasica d&#8217;estiu. Tal i com va assenyalar la regidora de M\u00fasica, Empar Pened\u00e9s, &#8220;Emergents vol ser un espai on els i les m\u00fasics puguen cr\u00e9ixer i descobrir altres perspectives de la m\u00fasica. Considere que esta escola no \u00e9s nom\u00e9s una escola sin\u00f3 tamb\u00e9 un projecte singular que portar\u00e0 fins a X\u00e0tiva excel\u00b7lents professionals que aproparan d&#8217;una manera diferent l&#8217;aprenentatge musical, i s\u00f3n referents per a molts dels joves m\u00fasics de hui en dia&#8221;.<\/p>\n<p>Emergents es celebrar\u00e0 del 26 de juny al 7 de juliol i comptar\u00e0 amb figures tan reconegudes com el compositor i director guardonat internacionalment Ramon Garcia i Soler; el fundador de Sedajazz, considerat el pare del jazz a Val\u00e8ncia, Latino Blanco o Jordi Reig, music\u00f2leg i integrant d&#8217;Al Tall.<\/p>\n<p>A m\u00e9s, el coordinador de l&#8217;escola, Carles Salvador, ha destacat que &#8220;tamb\u00e9 hem apostat per professorat de molta qualitat i jove per trebllar les connexions interdisciplinars entre diversos estils&#8221;. De la m\u00fasica cl\u00e0ssica a la m\u00e9s moderna, passant per la\u00a0tradicional, els alumnes treballaran amb l\u2019objectiu d\u2019un gran concert final on participaran:\u00a0Quico Tur i Ivan Gosip, d\u2019Aspencat, Feliu Ventura, Josep Nadal i \u00c0lex Segu\u00ed, de la\u00a0Gossa Sorda i Xavi Sarri\u00e0 i Miquel Giron\u00e9s, d\u2019Obrint Pas, i Pep Gimeno \u201cBotifarra\u201d. A m\u00e9s, estos artistes assajaran amb els i les alumnes i els explicaran les seues\u00a0experi\u00e8ncies en el m\u00f3n de la m\u00fasica.<\/p>\n<p>Emergents est\u00e0 adre\u00e7ada a estudiants de grau elemental i mitj\u00e0 o a joves amb\u00a0inquietuds musicals d\u2019entre 10 i 30 anys. Les inscripcions es podran fer al web <a href=\"https:\/\/escolaemergents.com\/\" target=\"_blank\" rel=\"noopener\">www.escolaemergents.com<\/a>. Hi ha 160 places\u00a0dividides en les especialitats de Piano, Vent Metall, Vent Fusta, Corda, Guitarra,\u00a0Percussi\u00f3 i Dol\u00e7aina.<\/p>\n","protected":false},"excerpt":{"rendered":"<p>Emergents tindr\u00e0 lloc al Conservatori de Sant Agust\u00ed de X\u00e0tiva del 26 de juny al 7 de juliol, i comptar\u00e0 amb figures molt reconegudes al m\u00f3n de la m\u00fasica com Ramon Garcia i Soler, Latino Blanco, Jordi Reig, Marcos \u00dabeda, Gustau Garcia o Sayuri Akimoto.<\/p>\n","protected":false},"author":2,"featured_media":0,"comment_status":"closed","ping_status":"closed","sticky":false,"template":"","format":"standard","meta":{"footnotes":""},"categories":[56],"tags":[],"class_list":["post-4682","post","type-post","status-publish","format-standard","hentry","category-societats-musicals"],"_links":{"self":[{"href":"https:\/\/fsmcv.org\/vl\/wp-json\/wp\/v2\/posts\/4682","targetHints":{"allow":["GET"]}}],"collection":[{"href":"https:\/\/fsmcv.org\/vl\/wp-json\/wp\/v2\/posts"}],"about":[{"href":"https:\/\/fsmcv.org\/vl\/wp-json\/wp\/v2\/types\/post"}],"author":[{"embeddable":true,"href":"https:\/\/fsmcv.org\/vl\/wp-json\/wp\/v2\/users\/2"}],"replies":[{"embeddable":true,"href":"https:\/\/fsmcv.org\/vl\/wp-json\/wp\/v2\/comments?post=4682"}],"version-history":[{"count":0,"href":"https:\/\/fsmcv.org\/vl\/wp-json\/wp\/v2\/posts\/4682\/revisions"}],"wp:attachment":[{"href":"https:\/\/fsmcv.org\/vl\/wp-json\/wp\/v2\/media?parent=4682"}],"wp:term":[{"taxonomy":"category","embeddable":true,"href":"https:\/\/fsmcv.org\/vl\/wp-json\/wp\/v2\/categories?post=4682"},{"taxonomy":"post_tag","embeddable":true,"href":"https:\/\/fsmcv.org\/vl\/wp-json\/wp\/v2\/tags?post=4682"}],"curies":[{"name":"wp","href":"https:\/\/api.w.org\/{rel}","templated":true}]}}