{"id":4695,"date":"2017-06-01T12:29:41","date_gmt":"2017-06-01T10:29:41","guid":{"rendered":"http:\/\/fsmcv.org\/?post_type=fsmcv-noticias&#038;p=4695"},"modified":"2021-04-06T16:43:04","modified_gmt":"2021-04-06T14:43:04","slug":"el-circulo-catolico-de-torrent-continua-la-formacion-este-verano","status":"publish","type":"post","link":"https:\/\/fsmcv.org\/vl\/societats-musicals\/el-circulo-catolico-de-torrent-continua-la-formacion-este-verano\/","title":{"rendered":"El Cercle Cat\u00f2lic de Torrent contin\u00faa la formaci\u00f3 este estiu"},"content":{"rendered":"<p>L&#8217;Escola de M\u00fasica del Cercle Cat\u00f2lic de Torrent contin\u00faa la formaci\u00f3 este estiu amb diversos cursos que es desenvoluparan entre els mesos de juny i juliol: musicoter\u00e0pia per a embarassades, estimulaci\u00f3 musical temprana per a xiquets de dos a tres anys, i edici\u00f3 de partitures amb el software Musescore 2.1.<\/p>\n<p><strong>Musicoter\u00e0pia per a embarassades<\/strong><\/p>\n<p>Este curs pret\u00e9n estimular i connectar el beb\u00e9 abans de n\u00e0ixer, enfortint el vincle i la comunicaci\u00f3 amb la mare mitjan\u00e7ant la m\u00fasica. Va adre\u00e7at a futures mares que poden anar acompanyades per les seues parelles.<\/p>\n<p>El taller es desenvolupar\u00e0 els dies 29 de juny, i 6, 13 i 20 de juliol de 18:00 a 19:30 hores, i les inscripcions es poden fer dilluns i dijous de 17:30 a 20:00 hores fins el 29 de juny a l&#8217;Escola de M\u00fasica del Cercle Cat\u00f2lic de Torrent.<\/p>\n<p><strong>Estimulaci\u00f3 musical de 2 a 3 anys<\/strong><\/p>\n<p>Aquest curs va adre\u00e7at a xiquets d&#8217;entre 2 i tres anys, acompanyats per un dels seus pares. Es faran quatre sessions de 45 minuts, els dies 26 de juny i 3, 10 i 17 de juliol, de 18:00 a 18:45 hores.<\/p>\n<p>Les inscripcions es poden fer dilluns i dijous de 17:30 a 20:00 hores fins el 26 de juny a l&#8217;Escola de M\u00fasica del Cercle Cat\u00f2lic de Torrent.<\/p>\n<p><strong>II Curs d&#8217;edici\u00f3 de partitures amb Musescore 2.1<\/strong><\/p>\n<p>El curs va adre\u00e7at a estudiants de m\u00fasica, professors de m\u00fasica, de prim\u00e0ria i secund\u00e0ria, i estudiants de magisteri musical. Tindr\u00e0 un m\u00e0xim de 25 places, exclusivament per a alumnes actius.<\/p>\n<p>Les classes es desenvoluparan del 3 al 6 de juliol, en horari de 17:00 a 20:00 hores.\u00a0Els interessats podra inscriure&#8217;s fins el dia 29 de juny o fins que es complete l&#8217;aforament.<\/p>\n<p>Podeu trobar m\u00e9s <a href=\"http:\/\/www.bandacirculotorrent.com\/\" target=\"_blank\" rel=\"noopener\">informaci\u00f3 sobre els tallers i cursos del Cercle Cat\u00f2lic de Torrent al seu web<\/a>.<\/p>\n","protected":false},"excerpt":{"rendered":"<p>L&#8217;Escola de M\u00fasica del Cercle Cat\u00f2lic de Torrent organitza diversos cursos i tallers en els pr\u00f2xims mesos: musicoter\u00e0pia per a embarassades, estimulaci\u00f3 musical temprana i edici\u00f3 de partitures amb Musescore<\/p>\n","protected":false},"author":2,"featured_media":0,"comment_status":"closed","ping_status":"closed","sticky":false,"template":"","format":"standard","meta":{"footnotes":""},"categories":[56],"tags":[],"class_list":["post-4695","post","type-post","status-publish","format-standard","hentry","category-societats-musicals"],"_links":{"self":[{"href":"https:\/\/fsmcv.org\/vl\/wp-json\/wp\/v2\/posts\/4695","targetHints":{"allow":["GET"]}}],"collection":[{"href":"https:\/\/fsmcv.org\/vl\/wp-json\/wp\/v2\/posts"}],"about":[{"href":"https:\/\/fsmcv.org\/vl\/wp-json\/wp\/v2\/types\/post"}],"author":[{"embeddable":true,"href":"https:\/\/fsmcv.org\/vl\/wp-json\/wp\/v2\/users\/2"}],"replies":[{"embeddable":true,"href":"https:\/\/fsmcv.org\/vl\/wp-json\/wp\/v2\/comments?post=4695"}],"version-history":[{"count":0,"href":"https:\/\/fsmcv.org\/vl\/wp-json\/wp\/v2\/posts\/4695\/revisions"}],"wp:attachment":[{"href":"https:\/\/fsmcv.org\/vl\/wp-json\/wp\/v2\/media?parent=4695"}],"wp:term":[{"taxonomy":"category","embeddable":true,"href":"https:\/\/fsmcv.org\/vl\/wp-json\/wp\/v2\/categories?post=4695"},{"taxonomy":"post_tag","embeddable":true,"href":"https:\/\/fsmcv.org\/vl\/wp-json\/wp\/v2\/tags?post=4695"}],"curies":[{"name":"wp","href":"https:\/\/api.w.org\/{rel}","templated":true}]}}