{"id":4701,"date":"2017-06-01T16:56:15","date_gmt":"2017-06-01T14:56:15","guid":{"rendered":"http:\/\/fsmcv.org\/?post_type=fsmcv-noticias&#038;p=4701"},"modified":"2021-04-06T16:42:33","modified_gmt":"2021-04-06T14:42:33","slug":"la-fsmcv-convoca-un-concurs-per-al-disseny-del-logo-del-seu-50-aniversari","status":"publish","type":"post","link":"https:\/\/fsmcv.org\/vl\/50-aniversari\/la-fsmcv-convoca-un-concurs-per-al-disseny-del-logo-del-seu-50-aniversari\/","title":{"rendered":"LA FSMCV convoca un concurs per al disseny del logo del seu 50 aniversari"},"content":{"rendered":"<p><em><strong>El concurs est\u00e0 dotat amb un premi de 1.500\u20ac per al guanyador i est\u00e0 dirigit a alumnes i equips professor-alumne de les Facultats de Belles Arts de la Comunitat Valenciana.<\/strong><\/em><\/p>\n<p>Amb motiu del 50 Aniversari de la Federaci\u00f3 de Societats Musicals de la Comunitat Valenciana que se celebra el proper any, la Federaci\u00f3 ha convocat un concurs per al disseny del logotip que s&#8217;utilitzar\u00e0 durant tots els actes i materials que es realitzaran al llarg de la tota la Comunitat Valenciana per commemorar aquesta ef\u00e9meride.<\/p>\n<p>La Federaci\u00f3 de Societats Musicals de la Comunitat Valenciana \u00e9s una entitat que agrupa a 547 Societats Musicals de tota la Comunitat. Va n\u00e0ixer l\u2019any 1968 amb l\u2019objectiu d\u2019unir esfor\u00e7os en favor del desenvolupament del col\u2022lectiu de les bandes de m\u00fasica i de l\u2019associacionisme civil.La FSMCV \u00e9s una associaci\u00f3 que pr\u00f2ximament celebrar\u00e0 el seu 50 aniversari, i que agrupa a 547 societats musicals i les seues escoles de m\u00fasica (el 50% d\u2019Espanya) amb 40.000 m\u00fasics, 60.000 alumnes i m\u00e9s de 200.000 socis.<\/p>\n<blockquote>\n<p style=\"text-align: right;\"><strong>El termini per a la presentaci\u00f3 de propostes finalitza el proper 30 de juny.<\/strong><\/p>\n<\/blockquote>\n<p>El concurs est\u00e0 dirigit a tots els alumnes i equips de professor-alumne de totes les facultats de Belles Arts de la Comunitat Valenciana i est\u00e0 dotat amb un premi d&#8217;1.500\u20ac per al guanyador. El termini per a la presentaci\u00f3 de propostes finalitza el proper 30 de juny.<\/p>\n<p>L&#8217;objectiu \u00e9s aconseguir un logotip que reforci la creaci\u00f3 d&#8217;un esperit com\u00fa de la Comunitat a trav\u00e9s de la m\u00fasica. Per aix\u00f2, i tal com s&#8217;indica a les bases del concurs, el disseny haur\u00e0 de transmetre conceptes vinculats tant a la Federaci\u00f3 (la seva imatge actual, les seves activitats pr\u00f2pies i el seu entorn musical) com reflectir i identificar a les tres prov\u00edncies de la Comunitat. El logotip podr\u00e0 tenir una versi\u00f3 \u00fanica adaptada a valenci\u00e0 i castell\u00e0 o dues versions una en cada idioma.<\/p>\n<p>Els requisits, lloc i forma de presentaci\u00f3 es detallen a les bases del concurs.<\/p>\n<p><strong>M\u00e9s informaci\u00f3:<\/strong><\/p>\n<p><a href=\"http:\/\/fsmcv.org\/BTnet-storage\/wp-uploads\/2017\/06\/Bases-Concurso-logotipo-50-Aniversario-FSMCV.pdf\" target=\"_blank\" rel=\"noopener noreferrer\">Bases del concurs Logo 50 aniversari FSMCV<\/a><\/p>\n","protected":false},"excerpt":{"rendered":"<p>El concurs est\u00e0 dotat amb un premi de 1.500\u20ac per al guanyador i est\u00e0 dirigit a alumnes i equips professor-alumne de les Facultats de Belles Arts de la Comunitat Valenciana.<\/p>\n","protected":false},"author":2,"featured_media":0,"comment_status":"closed","ping_status":"closed","sticky":false,"template":"","format":"standard","meta":{"footnotes":""},"categories":[76],"tags":[],"class_list":["post-4701","post","type-post","status-publish","format-standard","hentry","category-50-aniversari"],"_links":{"self":[{"href":"https:\/\/fsmcv.org\/vl\/wp-json\/wp\/v2\/posts\/4701","targetHints":{"allow":["GET"]}}],"collection":[{"href":"https:\/\/fsmcv.org\/vl\/wp-json\/wp\/v2\/posts"}],"about":[{"href":"https:\/\/fsmcv.org\/vl\/wp-json\/wp\/v2\/types\/post"}],"author":[{"embeddable":true,"href":"https:\/\/fsmcv.org\/vl\/wp-json\/wp\/v2\/users\/2"}],"replies":[{"embeddable":true,"href":"https:\/\/fsmcv.org\/vl\/wp-json\/wp\/v2\/comments?post=4701"}],"version-history":[{"count":0,"href":"https:\/\/fsmcv.org\/vl\/wp-json\/wp\/v2\/posts\/4701\/revisions"}],"wp:attachment":[{"href":"https:\/\/fsmcv.org\/vl\/wp-json\/wp\/v2\/media?parent=4701"}],"wp:term":[{"taxonomy":"category","embeddable":true,"href":"https:\/\/fsmcv.org\/vl\/wp-json\/wp\/v2\/categories?post=4701"},{"taxonomy":"post_tag","embeddable":true,"href":"https:\/\/fsmcv.org\/vl\/wp-json\/wp\/v2\/tags?post=4701"}],"curies":[{"name":"wp","href":"https:\/\/api.w.org\/{rel}","templated":true}]}}