{"id":4707,"date":"2017-06-02T09:39:30","date_gmt":"2017-06-02T07:39:30","guid":{"rendered":"http:\/\/fsmcv.org\/?post_type=fsmcv-noticias&#038;p=4707"},"modified":"2021-04-06T16:42:23","modified_gmt":"2021-04-06T14:42:23","slug":"xv-trobada-comarcal-descoles-de-musica-de-la-canal-de-navarres","status":"publish","type":"post","link":"https:\/\/fsmcv.org\/vl\/societats-musicals\/xv-trobada-comarcal-descoles-de-musica-de-la-canal-de-navarres\/","title":{"rendered":"XV Trobada Comarcal d&#8217;Escoles de M\u00fasica de la Canal de Navarr\u00e9s"},"content":{"rendered":"<p><strong>Aquest dissabte 3 de juny, a partir de les 17 hores, Anna acollir\u00e0 la XV Trobada Comarcal d&#8217;Escoles de M\u00fasica de la Canal de Navarr\u00e9s en el qual participaran totes les Societats Musicals de la comarca.<\/strong><\/p>\n<p>El programa inclou tallers per als m\u00e9s xicotets i un espectacle musical, teatre i animaci\u00f3 a c\u00e0rrec del grup Ameba, en la pla\u00e7a de l&#8217;ajuntament. A les 19.30 hores, una cercavila integrada per m\u00fasics de totes les bandes juvenils de la Canal partir\u00e0 de la pla\u00e7a Constantina Ridaura i finalitzar\u00e0 el seu recorregut en l&#8217;Albereda, on la Banda Juvenil al costat del Cor de xiquets de les escoles de m\u00fasica de la comarca, oferiran un concert.<\/p>\n<p>La trobada, que s&#8217;emmarca dins de la campanya d&#8217;activitats comarcals de la FSMCV t\u00e9 com a objectiu fomentar l&#8217;afici\u00f3 per la m\u00fasica entre els joves de la comarca, crear espais de conviv\u00e8ncia i la col\u00b7laboraci\u00f3 entre alumnes de diferents Escoles de M\u00fasica i premiar l&#8217;esfor\u00e7 dels estudiants al llarg del curs. De l&#8217;organitzaci\u00f3 de l&#8217;esdeveniment s&#8217;encarrega la societat musical &#8220;Nueva Art\u00edstica&#8221; de Anna al costat de la presidenta comarcal de les bandes, M\u00aa Jos\u00e9 Carbonell.<\/p>\n<p style=\"text-align: right;\"><em><strong>Durant la Trobada es produir\u00e0 un acte d&#8217;agra\u00efment a Bankia pel seu suport a les escoles i a les societats musicals de la Comunitat Valenciana<\/strong><\/em><\/p>\n<p>La campanya d&#8217;activitats comarcals esta\u00a0organitzada per la FSMCV amb el patrocini de CulturArts Generalitat i la col\u00b7laboraci\u00f3 de les tres diputacions i, en aquest cas, diversos comer\u00e7os de la comarca, com a Xocolates Importaco, Mucarmy, Congelats \u00c1ngela i l&#8217;Administraci\u00f3 de Loteries L&#8217;Albufera.<\/p>\n<p>Durant l&#8217;esdeveniment es produir\u00e0 un acte d&#8217;agra\u00efment a Bankia, que amb la campanya &#8220;Bankia Escolta Val\u00e8ncia&#8221; aporta 1.500 euros al projecte, que inclou una segona activitat l&#8217;1 de juliol a Chella: el XXXII Festival Comarcal de Bandes de M\u00fasica, i que, des de fa tres anys, concedeix beques dirigides a alumnes de les Escoles de M\u00fasica de la comarca per un import que supera els sis mil euros.<\/p>\n","protected":false},"excerpt":{"rendered":"<p>Aquest dissabte 3 de juny, a partir de les 17 hores, Anna acollir\u00e0 la XV Trobada Comarcal d&#8217;Escoles de M\u00fasica de la Canal de Navarr\u00e9s en el qual participaran totes les Societats Musicals de la comarca.<\/p>\n","protected":false},"author":2,"featured_media":0,"comment_status":"closed","ping_status":"closed","sticky":false,"template":"","format":"standard","meta":{"footnotes":""},"categories":[56],"tags":[],"class_list":["post-4707","post","type-post","status-publish","format-standard","hentry","category-societats-musicals"],"_links":{"self":[{"href":"https:\/\/fsmcv.org\/vl\/wp-json\/wp\/v2\/posts\/4707","targetHints":{"allow":["GET"]}}],"collection":[{"href":"https:\/\/fsmcv.org\/vl\/wp-json\/wp\/v2\/posts"}],"about":[{"href":"https:\/\/fsmcv.org\/vl\/wp-json\/wp\/v2\/types\/post"}],"author":[{"embeddable":true,"href":"https:\/\/fsmcv.org\/vl\/wp-json\/wp\/v2\/users\/2"}],"replies":[{"embeddable":true,"href":"https:\/\/fsmcv.org\/vl\/wp-json\/wp\/v2\/comments?post=4707"}],"version-history":[{"count":0,"href":"https:\/\/fsmcv.org\/vl\/wp-json\/wp\/v2\/posts\/4707\/revisions"}],"wp:attachment":[{"href":"https:\/\/fsmcv.org\/vl\/wp-json\/wp\/v2\/media?parent=4707"}],"wp:term":[{"taxonomy":"category","embeddable":true,"href":"https:\/\/fsmcv.org\/vl\/wp-json\/wp\/v2\/categories?post=4707"},{"taxonomy":"post_tag","embeddable":true,"href":"https:\/\/fsmcv.org\/vl\/wp-json\/wp\/v2\/tags?post=4707"}],"curies":[{"name":"wp","href":"https:\/\/api.w.org\/{rel}","templated":true}]}}