{"id":471,"date":"2016-09-13T17:18:54","date_gmt":"2016-09-13T15:18:54","guid":{"rendered":"http:\/\/fsmcv.org\/?post_type=fsmcv-noticias&#038;p=471"},"modified":"2020-09-27T18:24:28","modified_gmt":"2020-09-27T18:24:28","slug":"jazzene-torna-a-valencia-per-internacionalitzar-el-jazz-espanyol","status":"publish","type":"post","link":"https:\/\/fsmcv.org\/vl\/noticies-campanyes\/musica-a-la-llum\/jazzene-torna-a-valencia-per-internacionalitzar-el-jazz-espanyol\/","title":{"rendered":"JazzE\u00f1e torna a Val\u00e8ncia per internacionalitzar el jazz espanyol"},"content":{"rendered":"<p>Val\u00e8ncia, del 28 de setembre a l&#8217;1 d&#8217;octubre<br \/>\nLa Fundaci\u00f3 SGAE, en col\u00b7laboraci\u00f3 amb l&#8217;Institut Valenci\u00e0 de Cultura, la Universitat de Val\u00e8ncia, Acci\u00f3n Cultural Espa\u00f1ola i Radio 3, organitza la III Edici\u00f3 de JazzE\u00f1e, una iniciativa que t\u00e9 com a objectiu donar a con\u00e8ixer el jazz espanyol internacionalment.<\/p>\n<p>JazzE\u00f1e comen\u00e7a el dia 28 de setembre, a les 20:15 hores al Col\u00b7legi Major Rector Peset, amb la inauguraci\u00f3 de la exposici\u00f3 Quan la nit es trenca en mil sons. Alfaro i el Jazz, amb escultures i dibuixos de l&#8217;artista valenci\u00e0 Andreu Alfaro al voltant del jazz, i un concert del grup local Folkenjazz. La mostra, organitzada per la Universitat de Val\u00e8ncia en col\u00b7laboraci\u00f3 amb la Fundaci\u00f3 SGAE i l&#8217;Institut Valenci\u00e0 de Cultura, ser\u00e0 gratuita i es podr\u00e0 visitar fins al 30 d&#8217;octubre.<\/p>\n<p>A partir del 29 de setembre i fins a l&#8217;1 d&#8217;octubre, el Teatre Rialto acullir\u00e0 el programa d&#8217;actuacions de JazzE\u00f1e 2016, que reuneix una \u00e0mplia representaci\u00f3 d&#8217;autors i artistes que ofereixen jazz d&#8217;arrel i altres el so dels quals es barreja amb altres estils. En concret, Chiqui Cienfuegos, Ern\u00e1n L\u00f3pez-Nussa, Ernesto Aurignac Quintet, Javier Vercher, Joan Monn\u00e9 Trio, Joaqu\u00edn Chac\u00f3n, Luis Verde Quinteto, Marta S\u00e1nchez Quintet, Noesis Trio con Perico Sambeat, Ram\u00f3n D\u00edaz Group, Sinouj y Ver\u00f3nica Ferreiro Quinteto.<\/p>\n<p>Junt amb el p\u00fablic assistent, JazzE\u00f1e 2016 comptar\u00e0 amb la pres\u00e8ncia de representants de 13 festivals i promotors de jazz europeus, convidats per la Fundaci\u00f3 SGAE per a mostrar la creaci\u00f3 dels autors del jazz que desenvolupen la seua feina al nostre pais i promoure d&#8217;aquesta manera noves vies de col\u00b7laboraci\u00f3 entre ells. En concret: O-Tone Music (Alemanya); Brussels Jazz Marathon (B\u00e9lgica); Jazz Plus (Bulgaria); Festival Cinq Continents, Nuits du Sud y L\u2019ajmi (Francia); Amersfoort Jazz Festival (Holanda); MediaEvent (Hungr\u00eda); Dublin Jazz (Irlanda); Fondazione Musica Roma (It\u00e0lia); Jazztopad (Pol\u00f2nia); Bohemia Jazz Fest (Rep\u00fablica Txeca); y Usabda Jazz Festival (R\u00fasia).<\/p>\n<p>A m\u00e9s de la m\u00fasica en directe, s&#8217;han organitzat trobades professionals entre els grups participants i els directors de festivals i programadors europeus, que d\u00f3nen a con\u00e8ixer les seues propostes i obrir aix\u00ed les vies de col\u00b7laboraci\u00f3 entre ells.<\/p>\n<p>JazzE\u00f1e2016 oferir\u00e0 un total de 12 concerts en dos sessions: sessi\u00f3 de vesprada, a les 19:00 hores, i sessi\u00f3 de nit, a les 22:00 hores, el preu de les quals \u00e9s de 7 euros cadascuna. El 29 de setembre JazzE\u00f1e 2016 comptar\u00e0 amb les actuacions de Sinouj; Marta S\u00e1nchez Quintet; Noesis Trio con Perico Sambeat y Ern\u00e1n L\u00f3pez Nussa. Continuar\u00e0 el 30 de setembre amb els concerts de Ram\u00f3n D\u00edaz Group; Joaqu\u00edn Chac\u00f3n; Joan Monn\u00e9 Trio y Ver\u00f3nica Ferreiro Quinteto. Y finalitzar\u00e0 l&#8217;1 d&#8217;octubre amb les actuacions de Luis Verde Quinteto; Ernesto Aurignac Quintet; Chiqui Cienfuegos y Javier Vercher.<\/p>\n","protected":false},"excerpt":{"rendered":"<p>La tercera edici\u00f3 de JazzE\u00f1e celebrar\u00e0 12 concerts amb alguns dels grups m\u00e9s representatius del jazz espanyol (&#8230;)<\/p>\n","protected":false},"author":2,"featured_media":0,"comment_status":"closed","ping_status":"closed","sticky":false,"template":"","format":"standard","meta":{"footnotes":""},"categories":[10],"tags":[],"class_list":["post-471","post","type-post","status-publish","format-standard","hentry","category-musica-a-la-llum"],"_links":{"self":[{"href":"https:\/\/fsmcv.org\/vl\/wp-json\/wp\/v2\/posts\/471","targetHints":{"allow":["GET"]}}],"collection":[{"href":"https:\/\/fsmcv.org\/vl\/wp-json\/wp\/v2\/posts"}],"about":[{"href":"https:\/\/fsmcv.org\/vl\/wp-json\/wp\/v2\/types\/post"}],"author":[{"embeddable":true,"href":"https:\/\/fsmcv.org\/vl\/wp-json\/wp\/v2\/users\/2"}],"replies":[{"embeddable":true,"href":"https:\/\/fsmcv.org\/vl\/wp-json\/wp\/v2\/comments?post=471"}],"version-history":[{"count":0,"href":"https:\/\/fsmcv.org\/vl\/wp-json\/wp\/v2\/posts\/471\/revisions"}],"wp:attachment":[{"href":"https:\/\/fsmcv.org\/vl\/wp-json\/wp\/v2\/media?parent=471"}],"wp:term":[{"taxonomy":"category","embeddable":true,"href":"https:\/\/fsmcv.org\/vl\/wp-json\/wp\/v2\/categories?post=471"},{"taxonomy":"post_tag","embeddable":true,"href":"https:\/\/fsmcv.org\/vl\/wp-json\/wp\/v2\/tags?post=471"}],"curies":[{"name":"wp","href":"https:\/\/api.w.org\/{rel}","templated":true}]}}