{"id":4711,"date":"2017-06-02T10:16:00","date_gmt":"2017-06-02T08:16:00","guid":{"rendered":"http:\/\/fsmcv.org\/?post_type=fsmcv-noticias&#038;p=4711"},"modified":"2021-04-06T16:42:11","modified_gmt":"2021-04-06T14:42:11","slug":"trobada-de-joves-interprets-2017-de-les-societats-musicals-de-la-safor-valldigna","status":"publish","type":"post","link":"https:\/\/fsmcv.org\/vl\/societats-musicals\/trobada-de-joves-interprets-2017-de-les-societats-musicals-de-la-safor-valldigna\/","title":{"rendered":"Trobada de Joves Int\u00e8rprets 2017 de les Societats Musicals de La Safor-Valldigna"},"content":{"rendered":"<p><strong>Aquest divendres 2 de juny a les 19 hores tindr\u00e0 lloc en l&#8217;el local de l&#8217;Associaci\u00f3 Musical &#8220;L&#8217;Almoina&#8221; la Trobada de Joves Int\u00e8rprets 2017 de les Societats Musicals de La Safor-Valldigna<\/strong><\/p>\n<p>El concert de Joves Int\u00e8rprets de Federaci\u00f3 de Societats Musicals de la \u00a0Comunitat Valenciana Comarca Safor-Valldigna es celebra amb l&#8217;objectiu de\u00a0proporcionar als estudiants de les escoles de m\u00fasica de la comarca la oportunitat i\u00a0l&#8217;experi\u00e8ncia d\u2019actuar davant un nombr\u00f3s p\u00fablic i en els millors auditoris d\u2019aquesta\u00a0comarca.<\/p>\n<p>Aquest any el concert estar\u00e0 compost per dos seccions: la secci\u00f3 1\u00aa d&#8217;int\u00e8rprets amb t\u00edtol d&#8217;ensenyances elementas (especialitat vent-fusta, vent-metall, corda fregada, piano i percussi\u00f3) i la secci\u00f3 2\u00aa per a alumnes d&#8217;ensenyances elementals.<\/p>\n<p>La trobada s&#8217;emmarca dins de la campanya d&#8217;activitats comarcals que organitza la FSMCV i que compta amb el patrocini de CulturArts Generalitat, la col\u00b7laboraci\u00f3 de les tres diputacions i el suport de Bankia dins del seu programa &#8220;Bankia Escolta Val\u00e8ncia&#8221;.<\/p>\n<p>La Federaci\u00f3 comarcal de la Safor-Valldigna agrupa a societats musicals de la comarca com: l&#8217;Uni\u00f3 Musical Santa Cec\u00edlia de l\u00b4Alqueria de la Comtessa, l&#8217;Agrupaci\u00f3 Art\u00edstico Musical Ausi\u00e0s March de Beniarj\u00f3, el Centre Musical de Beniopa, la Societat Musical Benirredr\u00e0, l&#8217;Associaci\u00f3 Musical Daimusense, la Agrupaci\u00f3 Art\u00edstico Musical Santa B\u00e1rbara de Piles o\u00a0\u00a0l&#8217;Uni\u00f3 Musical Santa Cec\u00edlia de Rafelcofer.<\/p>\n<p>&nbsp;<\/p>\n","protected":false},"excerpt":{"rendered":"<p>Aquest divendres 2 de juny a les 19 hores tindr\u00e0 lloc en l&#8217;el local de l&#8217;Associaci\u00f3 Musical &#8220;L&#8217;Almoina&#8221; la Trobada de Joves Int\u00e8rprets 2017 de les Societats Musicals de La Safor-Valldigna<\/p>\n","protected":false},"author":2,"featured_media":0,"comment_status":"closed","ping_status":"closed","sticky":false,"template":"","format":"standard","meta":{"footnotes":""},"categories":[56],"tags":[],"class_list":["post-4711","post","type-post","status-publish","format-standard","hentry","category-societats-musicals"],"_links":{"self":[{"href":"https:\/\/fsmcv.org\/vl\/wp-json\/wp\/v2\/posts\/4711","targetHints":{"allow":["GET"]}}],"collection":[{"href":"https:\/\/fsmcv.org\/vl\/wp-json\/wp\/v2\/posts"}],"about":[{"href":"https:\/\/fsmcv.org\/vl\/wp-json\/wp\/v2\/types\/post"}],"author":[{"embeddable":true,"href":"https:\/\/fsmcv.org\/vl\/wp-json\/wp\/v2\/users\/2"}],"replies":[{"embeddable":true,"href":"https:\/\/fsmcv.org\/vl\/wp-json\/wp\/v2\/comments?post=4711"}],"version-history":[{"count":0,"href":"https:\/\/fsmcv.org\/vl\/wp-json\/wp\/v2\/posts\/4711\/revisions"}],"wp:attachment":[{"href":"https:\/\/fsmcv.org\/vl\/wp-json\/wp\/v2\/media?parent=4711"}],"wp:term":[{"taxonomy":"category","embeddable":true,"href":"https:\/\/fsmcv.org\/vl\/wp-json\/wp\/v2\/categories?post=4711"},{"taxonomy":"post_tag","embeddable":true,"href":"https:\/\/fsmcv.org\/vl\/wp-json\/wp\/v2\/tags?post=4711"}],"curies":[{"name":"wp","href":"https:\/\/api.w.org\/{rel}","templated":true}]}}