{"id":4719,"date":"2017-06-02T14:23:56","date_gmt":"2017-06-02T12:23:56","guid":{"rendered":"http:\/\/fsmcv.org\/?post_type=fsmcv-noticias&#038;p=4719"},"modified":"2021-04-06T16:42:02","modified_gmt":"2021-04-06T14:42:02","slug":"salud-musics-conveni-colaboracio-hospitalmanises","status":"publish","type":"post","link":"https:\/\/fsmcv.org\/vl\/societats-musicals\/salud-musics-conveni-colaboracio-hospitalmanises\/","title":{"rendered":"La FSMCV i l&#8217;Hospital de Manises signen un conveni de col\u00b7laboraci\u00f3 per fomentar la salut entre els m\u00fasics"},"content":{"rendered":"<p>La Federaci\u00f3 de Societats Musicals de la Comunitat Valenciana (FSMCV) i l&#8217;Hospital de Manises han signat un conveni de col\u00b7laboraci\u00f3 per promoure la salut entre els m\u00fasics.<\/p>\n<p>Segons este acord, que ha estat ratificat pel president de la FSMCV, Pedro Rodr\u00edguez, i el gerent de l&#8217;Hospital de Manises, el doctor Vicente Gil, es planificaran cursos i plans de prevenci\u00f3 que ajudaran a evitar patologies derivades del desenvolupament de l&#8217;activitat musical.<\/p>\n<p>Les m\u00e9s comuns s\u00f3n, entre d&#8217;altres, contractures musculars, tendinopaties, problemes neurol\u00f2gics, lesions vocals, lesions d&#8217;o\u00eft i tamb\u00e9 de la pell degut a al\u00b7l\u00e8rgies desenvolupades pels components dels instruments.<\/p>\n<p>&#8220;M\u00e9s del 75% dels m\u00fasics en algun moment de la seua carrera tenen algun problema m\u00e8dic relacionat precisament amb la pr\u00e0ctica musical. Per aquest motiu, \u00e9s molt important aquest acord signat amb l&#8217;Hospital de Manises, degut a que permetr\u00e0 con\u00e9ixer als nostres m\u00fasics pautes essencials que els ajudaran al desenvolupament de la seua activitat d&#8217;una forma saludable&#8221;, ha declarat Pedro Rodr\u00edguez.<\/p>\n<p>&#8220;Des de l&#8217;Hospital de Manises estem centrats no sols en cuidar dels pacients quan la seua salut ho requereix, per a nosaltres una de les nostres actuacions priorit\u00e0ries es basa en la prevenci\u00f3 de la malaltia i la promoci\u00f3 d&#8217;h\u00e0bits saludables. Per aix\u00f2, aquest conveni encaixa perfectament amb la nostra inquietud, doncs est\u00e0 centrada en difondre mesures d&#8217;higiene postural entre un col\u00b7lectiu amb tant d&#8217;arrelament social en la nostra comunitat com s\u00f3n els m\u00fasics&#8221;, ha explicat el doctor Vicente Gil.<\/p>\n<p>L&#8217;Hospital de Manises compta amb un equip m\u00e8dic multidisciplinar centrat en el diagn\u00f2stic, tractament i rehabilitaci\u00f3 de patologies relacionades amb la M\u00fasica i les Arts Esc\u00e8niques que ofereix una atenci\u00f3 integral als pacients. Entre l&#8217;equip de professionals n&#8217;hi han experts en medicina de la m\u00fasica dins dels serveis de Medicina Rehabilitadora, Dermatologia, Al\u00b7lergologia, Fisioter\u00e0pia, Traumatologia, Neurologia, etc. Ells seran els encarregats de formar, aconsellar i recolzar en aquest \u00e0mbit als professors de m\u00fasica de les Societats Musicals de la Comunitat Valenciana.<\/p>\n<p>En concret, s&#8217;organitzaran cursos de prevenci\u00f3 de patologies associades a l&#8217;\u00fas d&#8217;instruments musicals i es crearan guies de consells i material educatiu destinats a divulgar mesures d&#8217;higiene postural espec\u00edfiques per a m\u00fasics que permetran evitar patologies i millorar la seua salut.<\/p>\n<p>Degut a les posicions poc naturals que adquireixen els m\u00fasics per tocar cada tipus d&#8217;instrument, poden derivar-se una s\u00e8rie de dol\u00e8ncies que, de no ser previngudes i\/o tractades a temps, poden patir el risc d&#8217;arribar incl\u00fas a incapacitar-lo per a tocar el seu instrument.<\/p>\n","protected":false},"excerpt":{"rendered":"<p>L&#8217;equip m\u00e8dic multidisciplinar, que at\u00e9n patologies relacionades amb la Medicina de la M\u00fasica i de les Arts Esc\u00e8niques, planificar\u00e0 cursos i plans de prevenci\u00f3 per evitar patologies als professors de m\u00fasica de les Societats Musicals derivades de la seua activitat.<\/p>\n","protected":false},"author":2,"featured_media":0,"comment_status":"closed","ping_status":"closed","sticky":false,"template":"","format":"standard","meta":{"footnotes":""},"categories":[56],"tags":[],"class_list":["post-4719","post","type-post","status-publish","format-standard","hentry","category-societats-musicals"],"_links":{"self":[{"href":"https:\/\/fsmcv.org\/vl\/wp-json\/wp\/v2\/posts\/4719","targetHints":{"allow":["GET"]}}],"collection":[{"href":"https:\/\/fsmcv.org\/vl\/wp-json\/wp\/v2\/posts"}],"about":[{"href":"https:\/\/fsmcv.org\/vl\/wp-json\/wp\/v2\/types\/post"}],"author":[{"embeddable":true,"href":"https:\/\/fsmcv.org\/vl\/wp-json\/wp\/v2\/users\/2"}],"replies":[{"embeddable":true,"href":"https:\/\/fsmcv.org\/vl\/wp-json\/wp\/v2\/comments?post=4719"}],"version-history":[{"count":0,"href":"https:\/\/fsmcv.org\/vl\/wp-json\/wp\/v2\/posts\/4719\/revisions"}],"wp:attachment":[{"href":"https:\/\/fsmcv.org\/vl\/wp-json\/wp\/v2\/media?parent=4719"}],"wp:term":[{"taxonomy":"category","embeddable":true,"href":"https:\/\/fsmcv.org\/vl\/wp-json\/wp\/v2\/categories?post=4719"},{"taxonomy":"post_tag","embeddable":true,"href":"https:\/\/fsmcv.org\/vl\/wp-json\/wp\/v2\/tags?post=4719"}],"curies":[{"name":"wp","href":"https:\/\/api.w.org\/{rel}","templated":true}]}}