{"id":4722,"date":"2017-05-30T14:45:56","date_gmt":"2017-05-30T12:45:56","guid":{"rendered":"http:\/\/fsmcv.org\/?post_type=fsmcv-noticias&#038;p=4722"},"modified":"2021-04-06T17:17:58","modified_gmt":"2021-04-06T15:17:58","slug":"la-societat-musical-de-segorbe-inicia-el-projecte-orquestres-colaboratives","status":"publish","type":"post","link":"https:\/\/fsmcv.org\/vl\/societats-musicals\/la-societat-musical-de-segorbe-inicia-el-projecte-orquestres-colaboratives\/","title":{"rendered":"La Societat Musical de Segorbe inicia el projecte &#8220;Orquestres col\u00b7laboratives&#8221;"},"content":{"rendered":"<p><strong>La Societat Musical de Segorbe ha llan\u00e7at el projecte &#8220;Orquestres col\u00b7laboratives&#8221; que pret\u00e9n oferir a m\u00fasics de totes les edats i nivells la possibilitat de tocar en una orquestra de m\u00e9s de 100 m\u00fasics.<\/strong><\/p>\n<p>Fomentar l&#8217;estudi i la pr\u00e0ctica dels instruments de corda en un vessant similar i complement\u00e0ria a l&#8217;experi\u00e8ncia band\u00edstica \u00e9s una aposta que entitats com la FSMCV han posat de manifest amb la creaci\u00f3 de les Joves Orquestres.<\/p>\n<p>La qualitat d&#8217;aquestes Orquestres fita la participaci\u00f3 a m\u00fasics amb estudis superiors o en \u00faltims cursos d&#8217;ensenyaments professionals.\u00a0Per a\u00e7\u00f2, el projecte d&#8217;orquestres col\u00b7laboratives naix dirigit a aquells joves instrumentistes de corda que encara no han arribat al nivell de professionalitzaci\u00f3 que requereix l&#8217;acc\u00e9s a les Joves Orquestres i pret\u00e9n integrar en una sola agrupaci\u00f3 a tots aquells joves estudiants de corda, de tots els nivells a partir del 4\u00ba curs d&#8217;ensenyaments elementals.<\/p>\n<blockquote>\n<p style=\"text-align: right;\"><em><strong>En aquesta primera edici\u00f3, el repertori a treballar ser\u00e0 el Carmina Burana de Carl Orff.<\/strong> <\/em><\/p>\n<\/blockquote>\n<p style=\"text-align: left;\">En aquesta primera edici\u00f3, el repertori a treballar ser\u00e0 el Carmina Burana de Carl Orff. Els assajos comen\u00e7aran el 26 de juny i es realitzaran de la m\u00e0 del director musical, Daniel G\u00f3mez Asensio, paral\u00b7lelament en dos centres i horaris a escollir:<\/p>\n<p><strong>Dilluns i Divendres (19-21h.)<\/strong><br \/>\nCol\u00b7legi Sagrada Fam\u00edlia de Benimaclet (El Patronat)<\/p>\n<p><strong>Dimarts i Dijous (22-24h.)<\/strong><br \/>\nAuditori \u201cSalvador Segu\u00ed\u201d de Segorbe<\/p>\n<p>Els concerts, amb el seu assaig general previ, tindran lloc en:<\/p>\n<p><strong>Pla\u00e7a de la Llibertat de X\u00e8rica (dia d&#8217;assaig general)<\/strong><br \/>\nTarde- Nit del 22 de Julio de 2017<\/p>\n<p><strong>Palau de la M\u00fasica de Val\u00e8ncia<\/strong><br \/>\nTard del 28 de Julio de 2017<\/p>\n<p><strong>Auditori \u201cSalvador Segu\u00ed\u201d de Segorbe<\/strong><br \/>\nTard del 25 d&#8217;Agost de 2017<\/p>\n<p>El transport i la manutenci\u00f3 per als concerts ser\u00e0 facilitat per l&#8217;organitzaci\u00f3.<\/p>\n<p>La inscripci\u00f3 per a participar en l&#8217;Orquestra es pot realitzar <strong>fins al 16 de juny<\/strong> en la seg\u00fcent\u00a0web:<\/p>\n<p><a href=\"http:\/\/www.ojper.com\/carminaburana.html\" target=\"_blank\" rel=\"noopener noreferrer\">http:\/\/www.ojper.com\/carminaburana.html<\/a><\/p>\n","protected":false},"excerpt":{"rendered":"<p>La Societat Musical de Segorbe ha llan\u00e7at el projecte &#8220;Orquestres col\u00b7laboratives&#8221; que pret\u00e9n oferir a m\u00fasics de totes les edats i nivells la possibilitat de tocar en una orquestra de m\u00e9s de 100 m\u00fasics.<\/p>\n","protected":false},"author":2,"featured_media":0,"comment_status":"closed","ping_status":"closed","sticky":false,"template":"","format":"standard","meta":{"footnotes":""},"categories":[56],"tags":[],"class_list":["post-4722","post","type-post","status-publish","format-standard","hentry","category-societats-musicals"],"_links":{"self":[{"href":"https:\/\/fsmcv.org\/vl\/wp-json\/wp\/v2\/posts\/4722","targetHints":{"allow":["GET"]}}],"collection":[{"href":"https:\/\/fsmcv.org\/vl\/wp-json\/wp\/v2\/posts"}],"about":[{"href":"https:\/\/fsmcv.org\/vl\/wp-json\/wp\/v2\/types\/post"}],"author":[{"embeddable":true,"href":"https:\/\/fsmcv.org\/vl\/wp-json\/wp\/v2\/users\/2"}],"replies":[{"embeddable":true,"href":"https:\/\/fsmcv.org\/vl\/wp-json\/wp\/v2\/comments?post=4722"}],"version-history":[{"count":0,"href":"https:\/\/fsmcv.org\/vl\/wp-json\/wp\/v2\/posts\/4722\/revisions"}],"wp:attachment":[{"href":"https:\/\/fsmcv.org\/vl\/wp-json\/wp\/v2\/media?parent=4722"}],"wp:term":[{"taxonomy":"category","embeddable":true,"href":"https:\/\/fsmcv.org\/vl\/wp-json\/wp\/v2\/categories?post=4722"},{"taxonomy":"post_tag","embeddable":true,"href":"https:\/\/fsmcv.org\/vl\/wp-json\/wp\/v2\/tags?post=4722"}],"curies":[{"name":"wp","href":"https:\/\/api.w.org\/{rel}","templated":true}]}}