{"id":47517,"date":"2022-02-07T10:06:10","date_gmt":"2022-02-07T09:06:10","guid":{"rendered":"https:\/\/fsmcv.org\/certamens\/el-8-de-febrer-finalitza-el-termini-dinscripcio-per-al-certamen-nacional-de-bandes-de-musica-ciutat-de-cullera\/"},"modified":"2022-02-07T10:23:42","modified_gmt":"2022-02-07T09:23:42","slug":"el-8-de-febrer-finalitza-el-termini-dinscripcio-per-al-certamen-nacional-de-bandes-de-musica-ciutat-de-cullera","status":"publish","type":"post","link":"https:\/\/fsmcv.org\/vl\/certamens\/el-8-de-febrer-finalitza-el-termini-dinscripcio-per-al-certamen-nacional-de-bandes-de-musica-ciutat-de-cullera\/","title":{"rendered":"El 8 de febrer finalitza el termini d&#8217;inscripci\u00f3 per al Certamen Nacional de Bandes de M\u00fasica &#8220;Ciutat de Cullera&#8221;"},"content":{"rendered":"\n<p>L&#8217;Ajuntament de Cullera celebra des de fa 73 anys el tradicional Certamen Nacional de Bandes de M\u00fasica &#8220;Ciutat de Cullera&#8221;, el m\u00e9s antic dels que se celebren de car\u00e0cter nacional a Espanya, i la seua convocat\u00f2ria t\u00e9 la finalitat de fomentar i difondre la m\u00fasica band\u00edstica com a part fonamental del nostre patrimoni cultural.<\/p>\n\n<p>En aquest marc, l&#8217;Ajuntament de Cullera ha fixat les bases per les quals es regir\u00e0 en 2022 en la seua 74a edici\u00f3 en r\u00e8gim de concurr\u00e8ncia competitiva, d&#8217;acord amb el que s&#8217;estableix en l&#8217;article 17 de la Llei 38\/2003, de 17 de novembre, General de Subvencions.<\/p>\n\n<p><br\/>El certamen se celebrar\u00e0 el diumenge 24 d&#8217;abril a l&#8217;Auditori Municipal, i la Regidoria d&#8217;Activitats Musicals ser\u00e0 amb l&#8217;assessorament corresponent l&#8217;encarregada de l&#8217;execuci\u00f3 i desenvolupament d&#8217;aquestes bases.<\/p>\n\n<div data-wp-interactive=\"core\/file\" class=\"wp-block-file\"><object data-wp-bind--hidden=\"!state.hasPdfPreview\" hidden class=\"wp-block-file__embed\" data=\"https:\/\/fsmcv.org\/wp-content\/uploads\/2022\/02\/Bases.pdf\" type=\"application\/pdf\" style=\"width:100%;height:600px\" aria-label=\"Embed of Incrustado de Bases..\"><\/object><a id=\"wp-block-file--media-6a505aed-13dd-490c-8f6e-98c7a92b4f9f\" href=\"https:\/\/fsmcv.org\/wp-content\/uploads\/2022\/02\/Bases.pdf\">Bases<\/a><a href=\"https:\/\/fsmcv.org\/wp-content\/uploads\/2022\/02\/Bases.pdf\" class=\"wp-block-file__button\" download=\"\" aria-describedby=\"wp-block-file--media-6a505aed-13dd-490c-8f6e-98c7a92b4f9f\">Desc\u00e0rrega<\/a><\/div>\n\n<div data-wp-interactive=\"core\/file\" class=\"wp-block-file\"><object data-wp-bind--hidden=\"!state.hasPdfPreview\" hidden class=\"wp-block-file__embed\" data=\"https:\/\/fsmcv.org\/wp-content\/uploads\/2022\/02\/Inscripcion.pdf\" type=\"application\/pdf\" style=\"width:100%;height:600px\" aria-label=\"Embed of Incrustado de Inscripcion..\"><\/object><a id=\"wp-block-file--media-4db9721f-c746-4e08-a50d-da53bccc7cd9\" href=\"https:\/\/fsmcv.org\/wp-content\/uploads\/2022\/02\/Inscripcion.pdf\">Inscripcion<\/a><a href=\"https:\/\/fsmcv.org\/wp-content\/uploads\/2022\/02\/Inscripcion.pdf\" class=\"wp-block-file__button\" download=\"\" aria-describedby=\"wp-block-file--media-4db9721f-c746-4e08-a50d-da53bccc7cd9\">Desc\u00e0rrega<\/a><\/div>\n","protected":false},"excerpt":{"rendered":"<p>L&#8217;Ajuntament de Cullera celebra des de fa 73 anys el tradicional Certamen Nacional de Bandes de M\u00fasica &#8220;Ciutat de Cullera&#8221;, el m\u00e9s antic dels que se celebren de car\u00e0cter nacional a Espanya, i la seua convocat\u00f2ria t\u00e9 la finalitat de fomentar i difondre la m\u00fasica band\u00edstica com a part fonamental del nostre patrimoni cultural. En [&hellip;]<\/p>\n","protected":false},"author":9,"featured_media":47510,"comment_status":"open","ping_status":"closed","sticky":false,"template":"","format":"standard","meta":{"footnotes":""},"categories":[234],"tags":[],"class_list":["post-47517","post","type-post","status-publish","format-standard","has-post-thumbnail","hentry","category-certamens"],"_links":{"self":[{"href":"https:\/\/fsmcv.org\/vl\/wp-json\/wp\/v2\/posts\/47517","targetHints":{"allow":["GET"]}}],"collection":[{"href":"https:\/\/fsmcv.org\/vl\/wp-json\/wp\/v2\/posts"}],"about":[{"href":"https:\/\/fsmcv.org\/vl\/wp-json\/wp\/v2\/types\/post"}],"author":[{"embeddable":true,"href":"https:\/\/fsmcv.org\/vl\/wp-json\/wp\/v2\/users\/9"}],"replies":[{"embeddable":true,"href":"https:\/\/fsmcv.org\/vl\/wp-json\/wp\/v2\/comments?post=47517"}],"version-history":[{"count":0,"href":"https:\/\/fsmcv.org\/vl\/wp-json\/wp\/v2\/posts\/47517\/revisions"}],"wp:featuredmedia":[{"embeddable":true,"href":"https:\/\/fsmcv.org\/vl\/wp-json\/wp\/v2\/media\/47510"}],"wp:attachment":[{"href":"https:\/\/fsmcv.org\/vl\/wp-json\/wp\/v2\/media?parent=47517"}],"wp:term":[{"taxonomy":"category","embeddable":true,"href":"https:\/\/fsmcv.org\/vl\/wp-json\/wp\/v2\/categories?post=47517"},{"taxonomy":"post_tag","embeddable":true,"href":"https:\/\/fsmcv.org\/vl\/wp-json\/wp\/v2\/tags?post=47517"}],"curies":[{"name":"wp","href":"https:\/\/api.w.org\/{rel}","templated":true}]}}