{"id":47534,"date":"2019-04-05T11:34:48","date_gmt":"2019-04-05T09:34:48","guid":{"rendered":"https:\/\/fsmcv.org\/certamens\/experts-en-musica-procedents-del-brasil-i-costa-rica-visiten-la-fsmcv-per-a-coneixer-el-model-de-les-societats-musicals-de-la-comunitat\/"},"modified":"2022-02-09T10:51:48","modified_gmt":"2022-02-09T09:51:48","slug":"experts-en-musica-procedents-del-brasil-i-costa-rica-visiten-la-fsmcv-per-a-coneixer-el-model-de-les-societats-musicals-de-la-comunitat","status":"publish","type":"post","link":"https:\/\/fsmcv.org\/vl\/societats-musicals\/experts-en-musica-procedents-del-brasil-i-costa-rica-visiten-la-fsmcv-per-a-coneixer-el-model-de-les-societats-musicals-de-la-comunitat\/","title":{"rendered":"EXPERTS EN M\u00daSICA PROCEDENTS DEL BRASIL I COSTA RICA VISITEN LA FSMCV PER A CON\u00c9IXER EL MODEL DE LES SOCIETATS MUSICALS DE LA COMUNITAT"},"content":{"rendered":"\n<p>La Federaci\u00f3 de Societats Musicals de la Comunitat Valenciana (FSMCV) ha rebut recentment la visita de diversos experts en m\u00fasica procedents de Costa Rica i del Brasil, amb la finalitat d\u2019estudiar i exportar el model art\u00edstic i associatiu de les societats musicals de la Comunitat Valenciana.<\/p>\n\n<p>De fet, les societats musicals, recentment declarades BIC (B\u00e9 d\u2019Inter\u00e9s Cultural Immaterial) segons el Decret 68\/2018 del Consell, s\u00f3n considerades com un fenomen art\u00edstic i social de refer\u00e8ncia a tot el m\u00f3n, ja que s\u00f3n un model d\u2019\u00e8xit en totes les \u00e0rees, des de l\u2019art\u00edstic fins a l\u2019organitzaci\u00f3, gesti\u00f3, cert\u00e0mens, vida associativa o el voluntariat.<\/p>\n\n<p>En els \u00faltims mesos, la FSMCV ha rebut la visita de Joao Guilherme Ripper, professor de la Universitat Federal de Rio de Janeiro (el Brasil), prol\u00edfic compositor i director d\u2019orquestra, que compta amb una extensa obra per a banda (Brasiliana, Cervantinas per a soprano i banda) i per a orquestra.<\/p>\n\n<div class=\"wp-block-image\"><figure class=\"aligncenter\"><img decoding=\"async\" src=\"https:\/\/fsmcv.org\/wp-content\/uploads\/\" alt=\"\" class=\"wp-image-12290\" title=\"\"><\/figure><\/div>\n\n<p class=\"has-text-align-center\"><em>Remigi Morant, vicepresident educatiu de la FSMCV, junt al professor brasiler Joao Guilherme Ripper.<\/em><\/p>\n\n<p>L\u2019inter\u00e9s de Joao Guilherme Rippe es deu al fet que en Rio de Janeiro hi ha m\u00e9s de cent societats musicals, moltes d\u2019elles centen\u00e0ries, a m\u00e9s de les m\u00e9s de cinc bandes professionals.<\/p>\n\n<p>D\u2019altra banda, procedent de la Universitat de Costa Rica ha arribat fins a la FSMCV, el professor i director Mauricio Araya Quesada, que a m\u00e9s de reunir-se amb directius i gestors culturals de la Federaci\u00f3, ha realitzat diverses visites a societats musicals per a con\u00e9ixer el funcionament d\u2019aquestes i de les seues escoles de m\u00fasica, com la Societat Poblats Mar\u00edtims de Val\u00e8ncia, a m\u00e9s de participar en trobades pedag\u00f2giques i els assajos de la unitats art\u00edstiques de la FSMCV, com \u00e9s el cas de la Jove Orquestra Simf\u00f2nica.<\/p>\n\n<div class=\"wp-block-image\"><figure class=\"aligncenter\"><img decoding=\"async\" src=\"https:\/\/fsmcv.org\/wp-content\/uploads\/\" alt=\"\" class=\"wp-image-12291\" title=\"\"><\/figure><\/div>\n\n<p class=\"has-text-align-center\"><em>El professor Mauricio Araya va visitar les instal\u00b7lacions de la FSMCV en companyia de Nieves Pascual (Catedr\u00e0tica de Composici\u00f3 del Conservatori Superior de M\u00fasica JR de Val\u00e8ncia) i de Jorge Garc\u00eda, t\u00e8cnic de CulturArts. Tamb\u00e9 els van acompanyar Remigi Morant, vicepresident educatiu FMSCV, i Lourdes Chilet, gestora cultural FSMCV.<\/em><\/p>\n\n<p>\u201cJo vaig ser director general de Bandes del Govern de Costa Rica i vaig entendre la import\u00e0ncia de la gesti\u00f3 de les bandes per al desenvolupament art\u00edstic i cultural del pa\u00eds. A Costa Rica les bandes comunals treballen de manera independent i, en aquest sentit, la FSMCV \u00e9s un model per al m\u00f3n. Ha d\u2019existir en cada pa\u00eds una organitzaci\u00f3 que estimule, motive i fomente la gesti\u00f3 de les bandes comunals, les quals, en la majoria dels casos, compleixen una funci\u00f3 social i cultural transcendental\u201d, ha explicat Mauricio Araya.<\/p>\n\n<p>Juntament amb aix\u00f2, ha afegit que \u201cd\u2019altra banda, estic realitzant projectes d\u2019investigaci\u00f3 sobre la import\u00e0ncia de les bandes per al desenvolupament social i cultural de Costa Rica i la visita a la FSMCV m\u2019ha donat l\u2019oportunitat d\u2019acc\u00e9s a documents i experi\u00e8ncies d\u2019import\u00e0ncia per a aquestes investigacions\u201d.<\/p>\n\n<p>Finalment Araya ha destacat que el seu objectiu \u00e9s realitzar una alian\u00e7a de cooperaci\u00f3 amb la FSMCV i diferents organitzacions de Costa Rica per a replicar al seu pa\u00eds alguns models d\u2019\u00e8xit implantats en la Comunitat.<\/p>\n\n<p>D\u2019aquesta manera, la Federaci\u00f3 s\u2019ha convertit en una entitat d\u2019assessorament, col\u00b7laboraci\u00f3 i formaci\u00f3 per a altres societats musicals internacionals que volen seguir el model d\u2019\u00e8xit valenci\u00e0. A m\u00e9s d\u2019aquestes visites, la FSMCV t\u00e9 previst rebre el mes vinent de maig a experts procedents de Col\u00f2mbia, que tamb\u00e9 rebran assessorament per part d\u2019aquesta entitat.<\/p>\n\n<h3 class=\"wp-block-heading\" id=\"otras-acciones-de-internacionalizacion\">ALTRES ACCIONS D\u2019INTERNACIONALITZACI\u00d3<\/h3>\n\n<p>La l\u00ednia d\u2019internacionalitzaci\u00f3 \u00e9s un dels eixos fonamentals de la FSMCV per als pr\u00f2xims anys i, en aquest sentit, destaquen altres accions que s\u2019han realitzat com la col\u00b7laboraci\u00f3 i assessorament per a la millora del moviment band\u00edstico de Col\u00f2mbia a trav\u00e9s de la seua participaci\u00f3 en el Concurs Nacional de Bandes de M\u00fasica que se celebra a la ciutat de Paipa.<\/p>\n\n<p>A banda, la FSMCV tamb\u00e9 participa cada any en The Midwest Clinic \u2013 International Band and Orchestra Conference, una de les cites m\u00e9s importants del m\u00f3n de la m\u00fasica de banda, punt de trobada de les principals institucions, centres educatius, fabricadors d\u2019instruments, editorials i altres entitats d\u2019aquest \u00e0mbit procedents de tots els continents.<\/p>\n\n<p>Una altra de les accions internacionals duta a terme per la FSMCV l\u2019any passat va ser la participaci\u00f3 de la Jove Banda Simf\u00f2nica, juntament amb Turisme Comunitat Valenciana, en un tour pel Sud de Fran\u00e7a per a promocionar la tradici\u00f3 musical com a valor tur\u00edstic de la Comunitat.<\/p>\n","protected":false},"excerpt":{"rendered":"<p>Els societats musicals de la Comunitat s\u00f3n un fenomen social de refer\u00e8ncia a tot el m\u00f3n, ja que s\u00f3n un model d&#8217;\u00e8xit en totes els \u00e0rees, dones de l&#8217;art\u00edstic fins a l&#8217;organitzaci\u00f3, gesti\u00f3, cert\u00e0mens, vida associativa o el voluntariat.<\/p>\n","protected":false},"author":2,"featured_media":38557,"comment_status":"closed","ping_status":"closed","sticky":false,"template":"","format":"standard","meta":{"footnotes":""},"categories":[304,56],"tags":[],"class_list":["post-47534","post","type-post","status-publish","format-standard","has-post-thumbnail","hentry","category-altres","category-societats-musicals"],"_links":{"self":[{"href":"https:\/\/fsmcv.org\/vl\/wp-json\/wp\/v2\/posts\/47534","targetHints":{"allow":["GET"]}}],"collection":[{"href":"https:\/\/fsmcv.org\/vl\/wp-json\/wp\/v2\/posts"}],"about":[{"href":"https:\/\/fsmcv.org\/vl\/wp-json\/wp\/v2\/types\/post"}],"author":[{"embeddable":true,"href":"https:\/\/fsmcv.org\/vl\/wp-json\/wp\/v2\/users\/2"}],"replies":[{"embeddable":true,"href":"https:\/\/fsmcv.org\/vl\/wp-json\/wp\/v2\/comments?post=47534"}],"version-history":[{"count":0,"href":"https:\/\/fsmcv.org\/vl\/wp-json\/wp\/v2\/posts\/47534\/revisions"}],"wp:featuredmedia":[{"embeddable":true,"href":"https:\/\/fsmcv.org\/vl\/wp-json\/wp\/v2\/media\/38557"}],"wp:attachment":[{"href":"https:\/\/fsmcv.org\/vl\/wp-json\/wp\/v2\/media?parent=47534"}],"wp:term":[{"taxonomy":"category","embeddable":true,"href":"https:\/\/fsmcv.org\/vl\/wp-json\/wp\/v2\/categories?post=47534"},{"taxonomy":"post_tag","embeddable":true,"href":"https:\/\/fsmcv.org\/vl\/wp-json\/wp\/v2\/tags?post=47534"}],"curies":[{"name":"wp","href":"https:\/\/api.w.org\/{rel}","templated":true}]}}