{"id":477,"date":"2016-09-06T17:24:20","date_gmt":"2016-09-06T15:24:20","guid":{"rendered":"http:\/\/fsmcv.org\/?post_type=fsmcv-noticias&#038;p=477"},"modified":"2020-09-27T18:25:07","modified_gmt":"2020-09-27T18:25:07","slug":"se-alza-el-telon-de-la-musica-clasica-en-peniscola","status":"publish","type":"post","link":"https:\/\/fsmcv.org\/vl\/noticies-campanyes\/musica-a-la-llum\/se-alza-el-telon-de-la-musica-clasica-en-peniscola\/","title":{"rendered":"S&#8217;al\u00e7a el tel\u00f3 de la m\u00fasica cl\u00e0ssica a Pen\u00edscola"},"content":{"rendered":"<p>Del 13 al 24 de setembre a Pen\u00edscola<br \/>\nL&#8217;Ajuntament de Pen\u00edscola i la Diputaci\u00f3 de Castell\u00f3 posen en marxa i patrocinen la 32\u00aa edici\u00f3 del Cicle de Concerts de M\u00fasica Cl\u00e0ssica de la localitat, que comen\u00e7a hui dimarts 13 de setembre i s&#8217;allargar\u00e0 fins al 24 de setembre. El cert\u00e0men compta, per altra banda, amb la col.laboraci\u00f3 de l&#8217;Associaci\u00f3 Musical Verge de l&#8217;Ermita de Pen\u00edscola.<\/p>\n<p>Salvador Garc\u00eda Sorl\u00ed, director del Cicle, explica que comencem &#8220;aquest cicle, que dirigisc des de fa 12 anys, i al qual deposite molta il.lusi\u00f3, ja que intentem programar grans concerts, amb una alt\u00edssima qualitat&#8221;.<\/p>\n<p>L&#8217;alcalde de Pen\u00edscola, Andr\u00e9s Mart\u00ednez, destaca per la seua banda que &#8220;el cicle de cl\u00e0ssica \u00e9s ja una cita m\u00e9s que consolidada a la nostra poblaci\u00f3, amb m\u00e9s de tres d\u00e8cades de vida i un hist\u00f2ric de concerts que ha cultivat molts \u00e8xits. Amb un p\u00fablic fidel, Pen\u00edscola acull una nova edici\u00f3 amb concerts d&#8217;alt\u00edssima qualitat programats que contribuiran de segur a sumar prestigi al cert\u00e0men musical&#8221;. L&#8217;alcalde ha volgut tamb\u00e9 &#8220;agrair a la direcci\u00f3 del cicle la seua implicaci\u00f3 i professionalitat que garanteixen el futur del mateix i el projecten, un cop m\u00e9s, com a cita ineludible per als amants de la m\u00fasica cl\u00e0ssica&#8221;.<\/p>\n<p>Dem\u00e0 a les 22 hores, al sal\u00f3 g\u00f2tic del Castell, actuar\u00e0 el pianista catal\u00e0 Carlos Bianchini qui, amb una \u00e0mplia traject\u00f2ria de car\u00e0cter internacional, oferir\u00e0 un concert amb peces compostes per ell mateix. &#8220;Bianchini es nodreix del jazz i \u00e9s un compositor i pianista molt interessant, que aposta per m\u00fasica molt rom\u00e0ntica que perfectament podria ser la banda sonora d&#8217;algunes pel.l\u00edcules&#8221;, explica Garc\u00eda Sorl\u00ed.<\/p>\n<p>El Cicle de Concerts de M\u00fasica Cl\u00e0ssica, com no podia ser d&#8217;una altra manera i ja des del seu naixement, ofereix el diumenge 18 de setembre la seua tradicional Missa i Preg\u00e0ria del Pescador, en l&#8217;esgl\u00e9sia Sta. Maria, a les 12 hores. El fundador del Cicle de Concerts de M\u00fasica Cl\u00e0ssica, el mestre Vittorio Cacciatori, va compondre aquesta pe\u00e7a, escrita per Juan Bautista Sim\u00f3 i que ser\u00e0 interpretada per la Coral Polif\u00f3nica de Pen\u00edscola i la Orquestra de Cambra Santa Maria.<\/p>\n<p>El programa del Cicle continuar\u00e0 el dimarts 20 de setembre, amb el concert de Vents a Cinc, un quintet de vent cl\u00e0ssic format per flauta, obo\u00e8, clarinet, fagot i trompa, i amb m\u00fasics procedents de la comarca del Baix Maestrat.<\/p>\n<p>D&#8217;altra banda, el dijous 22 de setembre a les 22 hores tindr\u00e0 lloc el recital l\u00edric &#8220;Torna-me&#8217;l a dir&#8221;, de AdeaCambra, i a on es parlar\u00e0 d&#8217;emocions, de sentiments, d&#8217;amor, de desamor, d&#8217;enamoraments eterns i d&#8217;enamoraments passatgers.<\/p>\n<p>Finalment, la programaci\u00f3 es tancar\u00e0 el dissabte 24 de setembre en el Palau de Congressos de Pen\u00edscola, amb Matthew Baker i Gianluca Tavalori com a contrabaixos solistes. A m\u00e9s, Garc\u00eda Sorl\u00ed avan\u00e7a que la primera de les obres del programa ha estat composta pel compositor valenci\u00e0 Andr\u00e9s Valero-Castells en 2015, i dedicada al solista convidat al concert Matthew Baker. La segona de les obres \u00e9s un concert per a dos contrabaixos composat originalment per a aquesta orquestra de cambra, transcrit per enc\u00e0rrec per a la nostra orquestra per Juan Lu\u00eds Roig Colom&#8221;.<\/p>\n<p>Tots els concerts s\u00f3n gratu\u00efts, excepte l&#8217;\u00faltim, el de la OSP, que t\u00e9 un preu d&#8217;entrada-donatiu de 5\u20ac per a l&#8217;Escola de M\u00fasica de la poblaci\u00f3.<\/p>\n","protected":false},"excerpt":{"rendered":"<p>Pen\u00edscola acull la 32\u00aa edici\u00f3 del Cicle de Concerts de M\u00fasica Cl\u00e0ssica que tindr\u00e0 lloc del 13 al 24 de setembre (&#8230;)<\/p>\n","protected":false},"author":2,"featured_media":0,"comment_status":"closed","ping_status":"closed","sticky":false,"template":"","format":"standard","meta":{"footnotes":""},"categories":[10],"tags":[],"class_list":["post-477","post","type-post","status-publish","format-standard","hentry","category-musica-a-la-llum"],"_links":{"self":[{"href":"https:\/\/fsmcv.org\/vl\/wp-json\/wp\/v2\/posts\/477","targetHints":{"allow":["GET"]}}],"collection":[{"href":"https:\/\/fsmcv.org\/vl\/wp-json\/wp\/v2\/posts"}],"about":[{"href":"https:\/\/fsmcv.org\/vl\/wp-json\/wp\/v2\/types\/post"}],"author":[{"embeddable":true,"href":"https:\/\/fsmcv.org\/vl\/wp-json\/wp\/v2\/users\/2"}],"replies":[{"embeddable":true,"href":"https:\/\/fsmcv.org\/vl\/wp-json\/wp\/v2\/comments?post=477"}],"version-history":[{"count":0,"href":"https:\/\/fsmcv.org\/vl\/wp-json\/wp\/v2\/posts\/477\/revisions"}],"wp:attachment":[{"href":"https:\/\/fsmcv.org\/vl\/wp-json\/wp\/v2\/media?parent=477"}],"wp:term":[{"taxonomy":"category","embeddable":true,"href":"https:\/\/fsmcv.org\/vl\/wp-json\/wp\/v2\/categories?post=477"},{"taxonomy":"post_tag","embeddable":true,"href":"https:\/\/fsmcv.org\/vl\/wp-json\/wp\/v2\/tags?post=477"}],"curies":[{"name":"wp","href":"https:\/\/api.w.org\/{rel}","templated":true}]}}