{"id":4807,"date":"2017-06-13T09:11:39","date_gmt":"2017-06-13T07:11:39","guid":{"rendered":"http:\/\/fsmcv.org\/?post_type=fsmcv-noticias&#038;p=4807"},"modified":"2021-04-06T12:34:22","modified_gmt":"2021-04-06T10:34:22","slug":"el-festival-mar-jazz-torna-per-segon-consecutiu-al-cabanyal","status":"publish","type":"post","link":"https:\/\/fsmcv.org\/vl\/societats-musicals\/el-festival-mar-jazz-torna-per-segon-consecutiu-al-cabanyal\/","title":{"rendered":"El Festival Mar i Jazz torna per segon any consecutiu al Cabanyal"},"content":{"rendered":"<p>Despr\u00e9s de concloure una primera edici\u00f3 amb una excel\u00b7lent acollida tant per part dels m\u00fasics com del p\u00fablic, torna a Val\u00e8ncia el\u00a0<strong>Festival Mar i Jazz<\/strong>, i ho fa al mateix recinte de l&#8217;any passat, el Parc Dr. Lluch al Cabanyal, esta vegada amb tota la seua for\u00e7a i m\u00e0gia amplificades:\u00a0<strong>tres dies, dos escenaris, trenta grups i un poble infantil amb tallers i jocs per als m\u00e9s menuts<\/strong>, que tindran una cita amb el p\u00fablic els dies 16, 17 i 18 de juny.<\/p>\n<p>Un aparador amb tota la ess\u00e8ncia del Jazzomingo (la jam de cada diumenge a &#8220;Los 27 amigos&#8221;), lloc a on germina la idea d&#8217;aquest festival i la base del qual la composen el grup Jazzomingo Quintet, que actuar\u00e0 el diumenge. Per les vesprades del Jazzomingo han passat prestigiosos m\u00fasics de la talla d&#8217;Albert Sanz, Jes\u00fas Santandreu, Mariano Steimberg o Francisco Blanco &#8220;Latino&#8221;, els qui formaran part del cartell presentant-nos els seus \u00faltims projectes i compartiran escenari amb les noves generacions de l&#8217;escena jazz\u00edstica valenciana, que ve trepitjant fort.<\/p>\n<p>La pres\u00e8ncia femenina ser\u00e0 un altre factor a destacar al festival, ja que enguany comptar\u00e0 amb projectes ja consolidats als quals la dona pren un paper molt important, com el <strong>Tr\u00edo Kontxi Lorente<\/strong>, <strong>S\u00f3nnica Yepes &amp; Matt Baker<\/strong>, que retran homenatge a la compositora canadiense Joni Mitchell, pionera d&#8217;una nova generaci\u00f3 de m\u00fasics i estils. I altres formacions emergents, com\u00a0&#8220;<strong>Nina Dinamita &amp; La Swing Milicia<\/strong>&#8221; que, inspirada en grans figures femenines transgresores dels rols de g\u00e8nere establerts com Nina Simone o Rosario S\u00e1nchez Mora &#8220;La Dinamitera&#8221;, ens portaran m\u00fasica swing i amb missatge, una combinaci\u00f3 explosiva que far\u00e0 vibrar tots els batallons.<\/p>\n<p>Una trobada caracteritzada per la qualitat dels artistes i per l&#8217;entorn en qu\u00e8 t\u00e9 lloc, un parc de m\u00e9s de 12.000 metres quadrats, a pocs metres de la platja, ple de vegetaci\u00f3, ombra natural i artificial per apaivagar els moments de m\u00e9s calor, amb totes les comoditats per poder passar hores i hores gaudint de jazz &#8220;a la fresca&#8221;.<\/p>\n<p>A m\u00e9s, en aquesta segona edici\u00f3 es dedica gran part del festival als xiquets de Mar i Jazz, i hi haur\u00e0 actuacions enfocades al p\u00fablic m\u00e9s jove i espontani. Per aquest motiu s&#8217;ha creat el\u00a0<strong>El Poble Infantil de Mar i Jazz\u00a0<em>Kinderland<\/em><\/strong>, amb diferents tallers i activitats, a on tindran diversi\u00f3 per a tot el cap de setmana.<\/p>\n<p>L&#8217;entrada \u00e9s gratu\u00efta, premisa del festiva des que es va comen\u00e7ar a gestar. Per poder finan\u00e7ar part de l&#8217;esdeveniment, el Festival ha comptat amb el patrocini de Cervezas Alhambra i Caixa Popular, i amb la col\u00b7laboraci\u00f3 de l&#8217;Associaci\u00f3 de Comerciants i Professionals del Mar\u00edtim &#8220;Acipmar&#8221;, l&#8217;Ajuntament de Val\u00e8ncia, el Mercat del Cabanyal, l&#8217;Institut Valenci\u00e0 de Cultura i el Col\u00b7lectiu Sedajazz.<\/p>\n<p>El festival tamb\u00e9 comptar\u00e0 amb altres reclams, com l&#8217;ampli i variat ventall de llocs de gastronomia local i beguda, i com a novetat la pres\u00e8ncia del Mercat Artesanal, a on artistes de la ciutat exposaran i vendran les seues creacions.<\/p>\n<p>A on?\u00a0<strong>Parc Dr. Lluch, el Cabanyal (Parada La Marina), Val\u00e8ncia<\/strong><\/p>\n<p>Quan?\u00a0<strong>Del 16 al 18 de juny del 2017<\/strong><\/p>\n<p>Horari del fetival:<\/p>\n<ol>\n<li>Divendres 16, de 17:30 a 1:30<\/li>\n<li>Dissabte 17, de 12:00 a 1:30<\/li>\n<li>Diumenge 18, de 12:00 a 1:00<\/li>\n<\/ol>\n<p><strong>Entrada gratu\u00efta<\/strong>.<\/p>\n<h3>Programaci\u00f3<\/h3>\n<p><img fetchpriority=\"high\" decoding=\"async\" class=\"alignnone size-large wp-image-4810\" src=\"http:\/\/fsmcv.org\/BTnet-storage\/wp-uploads\/2017\/06\/programacion_2017-1024x694.png\" alt=\"\" width=\"1024\" height=\"694\" title=\"\"><img decoding=\"async\" class=\"alignnone size-large wp-image-4809\" src=\"http:\/\/fsmcv.org\/BTnet-storage\/wp-uploads\/2017\/06\/kinderland-1024x722.png\" alt=\"\" width=\"1024\" height=\"722\" title=\"\"><\/p>\n","protected":false},"excerpt":{"rendered":"<p>Esta segona edici\u00f3 del Festival es celebrar\u00e0 del 16 al 18 de juny, i comptar\u00e0 amb formacions de l&#8217;avantguarda jazz\u00edstica valenciana i activitats i tallers per als m\u00e9s menuts, oferint una magn\u00edfica oportunitat per a gaudir de m\u00fasica en fam\u00edlia.<\/p>\n","protected":false},"author":2,"featured_media":0,"comment_status":"closed","ping_status":"closed","sticky":false,"template":"","format":"standard","meta":{"footnotes":""},"categories":[56],"tags":[],"class_list":["post-4807","post","type-post","status-publish","format-standard","hentry","category-societats-musicals"],"_links":{"self":[{"href":"https:\/\/fsmcv.org\/vl\/wp-json\/wp\/v2\/posts\/4807","targetHints":{"allow":["GET"]}}],"collection":[{"href":"https:\/\/fsmcv.org\/vl\/wp-json\/wp\/v2\/posts"}],"about":[{"href":"https:\/\/fsmcv.org\/vl\/wp-json\/wp\/v2\/types\/post"}],"author":[{"embeddable":true,"href":"https:\/\/fsmcv.org\/vl\/wp-json\/wp\/v2\/users\/2"}],"replies":[{"embeddable":true,"href":"https:\/\/fsmcv.org\/vl\/wp-json\/wp\/v2\/comments?post=4807"}],"version-history":[{"count":0,"href":"https:\/\/fsmcv.org\/vl\/wp-json\/wp\/v2\/posts\/4807\/revisions"}],"wp:attachment":[{"href":"https:\/\/fsmcv.org\/vl\/wp-json\/wp\/v2\/media?parent=4807"}],"wp:term":[{"taxonomy":"category","embeddable":true,"href":"https:\/\/fsmcv.org\/vl\/wp-json\/wp\/v2\/categories?post=4807"},{"taxonomy":"post_tag","embeddable":true,"href":"https:\/\/fsmcv.org\/vl\/wp-json\/wp\/v2\/tags?post=4807"}],"curies":[{"name":"wp","href":"https:\/\/api.w.org\/{rel}","templated":true}]}}