{"id":4859,"date":"2017-06-14T12:54:21","date_gmt":"2017-06-14T10:54:21","guid":{"rendered":"http:\/\/fsmcv.org\/?post_type=fsmcv-noticias&#038;p=4859"},"modified":"2021-04-06T12:31:01","modified_gmt":"2021-04-06T10:31:01","slug":"la-sociedad-musical-lom-y-la-union-musical-de-montserrat-en-los-conciertos-de-intercambios-musicales-2017","status":"publish","type":"post","link":"https:\/\/fsmcv.org\/vl\/certamens\/la-sociedad-musical-lom-y-la-union-musical-de-montserrat-en-los-conciertos-de-intercambios-musicales-2017\/","title":{"rendered":"La Societat Musical L&#8217;Om i la Uni\u00f3 Musical de Montserrat als Concerts d&#8217;Intercanvis Musicals 2017"},"content":{"rendered":"<p>Com cada any la Societat Musical l\u2019Om participar\u00e0 al Programa de Concerts d\u2019Intercanvi que organitza la Federaci\u00f3 de Societats Musicals de la Comunitat Valenciana (FSMCV) i patrocina l\u2019Institut Valenci\u00e0 de Cultura de la Generalitat Valenciana.<\/p>\n<p>Per a enguany les dues societats participants\u00a0seran\u00a0la<strong> Societat Musical l\u2019Om<\/strong> de Picassent i la <strong>Societat Instructiva Uni\u00f3 Musical de Montserrat<\/strong> i\u00a0les agrupacions d\u2019ambdues societats estaran dirigides per Jose Salmer\u00f3n Alemany.<\/p>\n<p><strong>DATES DELS CONCERTS:<\/strong><\/p>\n<p><strong>\u2013\u00a0Divendres 16 de juny, <\/strong>a les 21:00 hores a l\u2019Aulari de la M\u00fasica i les Arts de Picassent (AUMA).<\/p>\n<p><strong>\u2013\u00a0Diumenge\u00a018 de juny, <\/strong>a les 12:30h al sal\u00f3 d\u2019actes de la Societat Instructiva Uni\u00f3 Musical de Montserrat (pla\u00e7a de l\u2019esgl\u00e9sia).<\/p>\n<p>La uni\u00f3 de la Federaci\u00f3 de Societats Musicals de la Comunitat Valenciana (FSMCV), Federaci\u00f3 de Cors de la CV (FECOCOVA), Federaci\u00f3 de Folklore de la CV (FFCV) i la Federaci\u00f3 Valenciana de Dol\u00e7ainers i Tabaleters (FVDiT) han\u00a0perm\u00e8s\u00a0encetar una campanya d\u2019aquesta envergadura, que esperen es perpet\u00fae en el temps i obri el cam\u00ed cap a noves vies de col\u00b7laboraci\u00f3 entre aquestes entitats.<\/p>\n","protected":false},"excerpt":{"rendered":"<p>Els concerts es celebraran el divendres 16 a les 21:00 en Picassent, i el diumenge 18 a les 12:30 al Sal\u00f3 d&#8217;Actes de la Societat Instructiva Uni\u00f3 Musical de Montserrat.<\/p>\n","protected":false},"author":2,"featured_media":0,"comment_status":"closed","ping_status":"closed","sticky":false,"template":"","format":"standard","meta":{"footnotes":""},"categories":[1],"tags":[],"class_list":["post-4859","post","type-post","status-publish","format-standard","hentry","category-certamenes"],"_links":{"self":[{"href":"https:\/\/fsmcv.org\/vl\/wp-json\/wp\/v2\/posts\/4859","targetHints":{"allow":["GET"]}}],"collection":[{"href":"https:\/\/fsmcv.org\/vl\/wp-json\/wp\/v2\/posts"}],"about":[{"href":"https:\/\/fsmcv.org\/vl\/wp-json\/wp\/v2\/types\/post"}],"author":[{"embeddable":true,"href":"https:\/\/fsmcv.org\/vl\/wp-json\/wp\/v2\/users\/2"}],"replies":[{"embeddable":true,"href":"https:\/\/fsmcv.org\/vl\/wp-json\/wp\/v2\/comments?post=4859"}],"version-history":[{"count":0,"href":"https:\/\/fsmcv.org\/vl\/wp-json\/wp\/v2\/posts\/4859\/revisions"}],"wp:attachment":[{"href":"https:\/\/fsmcv.org\/vl\/wp-json\/wp\/v2\/media?parent=4859"}],"wp:term":[{"taxonomy":"category","embeddable":true,"href":"https:\/\/fsmcv.org\/vl\/wp-json\/wp\/v2\/categories?post=4859"},{"taxonomy":"post_tag","embeddable":true,"href":"https:\/\/fsmcv.org\/vl\/wp-json\/wp\/v2\/tags?post=4859"}],"curies":[{"name":"wp","href":"https:\/\/api.w.org\/{rel}","templated":true}]}}