{"id":4861,"date":"2017-06-15T08:43:12","date_gmt":"2017-06-15T06:43:12","guid":{"rendered":"http:\/\/fsmcv.org\/?post_type=fsmcv-noticias&#038;p=4861"},"modified":"2021-04-06T12:29:59","modified_gmt":"2021-04-06T10:29:59","slug":"lorquestra-filharmonica-de-la-universitat-de-valencia-convoca-proves-per-al-curs-2017-2018","status":"publish","type":"post","link":"https:\/\/fsmcv.org\/vl\/area-educativa-vl\/xarxa-centres-educatius\/lorquestra-filharmonica-de-la-universitat-de-valencia-convoca-proves-per-al-curs-2017-2018\/","title":{"rendered":"L&#8217;Orquestra Filharm\u00f2nica de la Universitat de Val\u00e8ncia convoca proves per al curs 2017-2018"},"content":{"rendered":"<p>L&#8217;<strong>Orquestra Filharm\u00f2nica de la Universitat de Val\u00e8ncia<\/strong> convoca les <strong>proves d&#8217;acc\u00e9s<\/strong> per al curs 2017-2018, que es celebraran a partir del dia <strong>23 d&#8217;octubre del 2017<\/strong> al Campus de Burjassot.<\/p>\n<h3>Requisits per als candidats<\/h3>\n<ol>\n<li>Edat m\u00e0xima: 23 anys.<\/li>\n<li>Estudis musicals: estar cursant al menys els \u00faltims cursos d&#8217;ensenyaments professionals de m\u00fasica.<\/li>\n<li>Es valorar\u00e0 positivament: estar cursant estudis universitaris.<\/li>\n<\/ol>\n<p>La<strong> temporada d&#8217;assaigs<\/strong> regulars de l&#8217;orquestra \u00e9s de setembre a juny. Els assaigs es fan cada dilluns de 19 a 22 hores i cada dijous de 20 a 22 hores a la Sala Charles Darwin de l&#8217;Aulari Interfacultatiu (Avda. Primer de Maig, s\/n) del Campus de Burjassot.<\/p>\n<p>Per al curs 2017-2018, l&#8217;obra central de la programaci\u00f3 ser\u00e0 la <strong>Simfonia Fant\u00e0stica de Berlioz<\/strong>, sota la direcci\u00f3 d&#8217;Hilari Garcia G\u00e1zquez.<\/p>\n<p>Per <strong>inscriure&#8217;s a les proves<\/strong> cal emplenar el formulari disponible a la web de la OFUV o trucant a l&#8217;oficina de l&#8217;\u00c0rea d&#8217;Activitats Musicals de la UV al 96 389 30 71 o al\u00a096 398 31 96 <strong>abans del 20 d&#8217;octubre del 2017<\/strong>.<\/p>\n<p>&nbsp;<\/p>\n","protected":false},"excerpt":{"rendered":"<p>Els interessats hauran d&#8217;emplenar el formulari d&#8217;inscripci\u00f3 a les proves abans del 20 d&#8217;octubre del 2017. Les proves es celebraran a partir del 23 d&#8217;octubre al Campus de Burjassot.<\/p>\n","protected":false},"author":2,"featured_media":0,"comment_status":"closed","ping_status":"closed","sticky":false,"template":"","format":"standard","meta":{"footnotes":""},"categories":[164],"tags":[],"class_list":["post-4861","post","type-post","status-publish","format-standard","hentry","category-xarxa-centres-educatius"],"_links":{"self":[{"href":"https:\/\/fsmcv.org\/vl\/wp-json\/wp\/v2\/posts\/4861","targetHints":{"allow":["GET"]}}],"collection":[{"href":"https:\/\/fsmcv.org\/vl\/wp-json\/wp\/v2\/posts"}],"about":[{"href":"https:\/\/fsmcv.org\/vl\/wp-json\/wp\/v2\/types\/post"}],"author":[{"embeddable":true,"href":"https:\/\/fsmcv.org\/vl\/wp-json\/wp\/v2\/users\/2"}],"replies":[{"embeddable":true,"href":"https:\/\/fsmcv.org\/vl\/wp-json\/wp\/v2\/comments?post=4861"}],"version-history":[{"count":0,"href":"https:\/\/fsmcv.org\/vl\/wp-json\/wp\/v2\/posts\/4861\/revisions"}],"wp:attachment":[{"href":"https:\/\/fsmcv.org\/vl\/wp-json\/wp\/v2\/media?parent=4861"}],"wp:term":[{"taxonomy":"category","embeddable":true,"href":"https:\/\/fsmcv.org\/vl\/wp-json\/wp\/v2\/categories?post=4861"},{"taxonomy":"post_tag","embeddable":true,"href":"https:\/\/fsmcv.org\/vl\/wp-json\/wp\/v2\/tags?post=4861"}],"curies":[{"name":"wp","href":"https:\/\/api.w.org\/{rel}","templated":true}]}}