{"id":5064,"date":"2017-07-04T10:15:45","date_gmt":"2017-07-04T08:15:45","guid":{"rendered":"http:\/\/fsmcv.org\/?post_type=fsmcv-noticias&#038;p=5064"},"modified":"2021-04-06T10:45:43","modified_gmt":"2021-04-06T08:45:43","slug":"xiv-festival-internacional-de-musica-en-llutxent","status":"publish","type":"post","link":"https:\/\/fsmcv.org\/vl\/societats-musicals\/xiv-festival-internacional-de-musica-en-llutxent\/","title":{"rendered":"XIV Festival Internacional de M\u00fasica en Llutxent"},"content":{"rendered":"<p>Un any m\u00e9s Llutxent\u00a0organitza el Festival Internacional de M\u00fasica fent aquest any la XIV edici\u00f3. El festival tindr\u00e0 lloc tot el mes de juliol en el Claustre del monestir del Corpus Christi i estar\u00e0 dividit en dos temps: &#8220;1r Temps i 2n Temps&#8221;.<\/p>\n<p>El primer temps ser\u00e0 els dies 1,7,8,9,14 i 15 de juliol amb el tema principal de: &#8220;m\u00fasica cl\u00e0ssica i de banda&#8221;. Els concerts d&#8217;aquest primer temps estaran formats per m\u00fasics de diferents llocs com: Rivka Golani, Michael Hampton, Casulana Quintet o l&#8217;Orquestra de Cambra Segon Temps.<\/p>\n<p>A m\u00e9s, en aquest temps, el primer dia del festival tindr\u00e0 lloc un concert d&#8217;intercanvi de bandes musicals\u00a0incl\u00f2s\u00a0en el\u00a0programa\u00a0de la\u00a0<span class=\"hiddenSpellError\">FSMCV<\/span>. En aquest intercanvi participaran la Banda Jove de la\u00a0<span class=\"hiddenSpellError\">UM<\/span>\u00a0de Llutxent i la Banda Jove\u00a0<span class=\"hiddenGrammarError\">de la SEM<\/span>\u00a0de L&#8217;Olleria.<\/p>\n<p>El segon temps ser\u00e0 els dies 21,22,23,28,29 i 30 sent el tema\u00a0principal\u00a0&#8220;Festival de M\u00fasica Popular i Tradicional&#8221;. En aquest temps a m\u00e9s dels concerts per grups populars, tamb\u00e9 tindr\u00e0 pres\u00e8ncia una\u00a0confer\u00e8ncia\u00a0sobre el festival i la projecci\u00f3 d&#8217;un documental titulat &#8220;La in\u00e8rcia del costum&#8221;. El festival tamb\u00e9 contar\u00e0 en\u00a0danses\u00a0populars aix\u00ed com sopars populars per al poble. Entre els m\u00fasics que formaran\u00a0aquesta\u00a0segona part del festival podrem trobar a: N\u00e9stor Mont, La Rom\u00e0ntica del Saladar, Germans\u00a0<span class=\"hiddenSpellError\">Caballes<\/span>\u00a0i Amics i\u00a0<span class=\"hiddenSpellError\">Tr3scant<\/span>.<\/p>\n<p>Per a m\u00e9s informaci\u00f3 sobre<a href=\"http:\/\/fsmcv.org\/BTnet-storage\/wp-uploads\/2017\/07\/programa-d27actes-festival-musica.pdf\"> el programa del Festival, podreu consultar el programa complet al enlla\u00e7<\/a> de la noticia.<\/p>\n","protected":false},"excerpt":{"rendered":"<p>Lluxent acollir\u00e0 tot el mes de Juliol el Festival Internacional de M\u00fasica sent aquest any la XIV edici\u00f3. Comptar\u00e0 amb m\u00fasics de diversos llocs, aix\u00ed com el concert d\u2019intercanvi de bandes incl\u00f2s en el programa de FSMCV.<\/p>\n","protected":false},"author":2,"featured_media":0,"comment_status":"closed","ping_status":"closed","sticky":false,"template":"","format":"standard","meta":{"footnotes":""},"categories":[56],"tags":[],"class_list":["post-5064","post","type-post","status-publish","format-standard","hentry","category-societats-musicals"],"_links":{"self":[{"href":"https:\/\/fsmcv.org\/vl\/wp-json\/wp\/v2\/posts\/5064","targetHints":{"allow":["GET"]}}],"collection":[{"href":"https:\/\/fsmcv.org\/vl\/wp-json\/wp\/v2\/posts"}],"about":[{"href":"https:\/\/fsmcv.org\/vl\/wp-json\/wp\/v2\/types\/post"}],"author":[{"embeddable":true,"href":"https:\/\/fsmcv.org\/vl\/wp-json\/wp\/v2\/users\/2"}],"replies":[{"embeddable":true,"href":"https:\/\/fsmcv.org\/vl\/wp-json\/wp\/v2\/comments?post=5064"}],"version-history":[{"count":0,"href":"https:\/\/fsmcv.org\/vl\/wp-json\/wp\/v2\/posts\/5064\/revisions"}],"wp:attachment":[{"href":"https:\/\/fsmcv.org\/vl\/wp-json\/wp\/v2\/media?parent=5064"}],"wp:term":[{"taxonomy":"category","embeddable":true,"href":"https:\/\/fsmcv.org\/vl\/wp-json\/wp\/v2\/categories?post=5064"},{"taxonomy":"post_tag","embeddable":true,"href":"https:\/\/fsmcv.org\/vl\/wp-json\/wp\/v2\/tags?post=5064"}],"curies":[{"name":"wp","href":"https:\/\/api.w.org\/{rel}","templated":true}]}}