{"id":5143,"date":"2017-07-05T13:21:09","date_gmt":"2017-07-05T11:21:09","guid":{"rendered":"http:\/\/fsmcv.org\/?post_type=fsmcv-noticias&#038;p=5143"},"modified":"2021-04-06T10:44:26","modified_gmt":"2021-04-06T08:44:26","slug":"viii-edicio-cursos-musicals-destiu-2017-unio-musical-de-benaguasil","status":"publish","type":"post","link":"https:\/\/fsmcv.org\/vl\/societats-musicals\/viii-edicio-cursos-musicals-destiu-2017-unio-musical-de-benaguasil\/","title":{"rendered":"VIII edici\u00f3 cursos musicals d&#8217;estiu 2017 Uni\u00f3 Musical de Benaguasil."},"content":{"rendered":"<p>Un any m\u00e9s la Uni\u00f3 Musical de Benaguasil organitza els cursos d&#8217;estiu per al mes de juliol. Es tracta d&#8217;una gran oportunitat per a tots\/es de perfeccionar els seus coneixements musicals de la m\u00e0 d&#8217;un professorat de gran renom nacional i internacional.<\/p>\n<p>En aquesta edici\u00f3 els cursos de juliol seran especialitzats per a: clarinet, flauta travessera, flaut\u00ed, piano, tuba, trompa, tromb\u00f3,\u00a0sax\u00f2fon,\u00a0obo\u00e9\u00a0i trompeta. Tots els cursos\u00a0es\u00a0realitzaran durant tot el mes. A continuaci\u00f3 us deixem el llistat dels cursos incloent els dies i els professors que impartiran les diferents classes:<br \/>\n<strong>CLARINET (del 3 al 7 de juliol)<\/strong><br \/>\nJavier Balaguer i Ricardo Fuster.<br \/>\n<strong>FLAUTA TRAVESSERA (del 3 al 7 de juliol) y FLAUT\u00cd (8 y 9 juliol<\/strong>).<br \/>\nVirginie Reibet, Vicent Cotvint i Jos\u00e9 Carles Hern\u00e1ndez.<br \/>\n<strong>PIANO (del 6 al 9 de juliol)<\/strong><br \/>\nRafael Salinas, Agathe Leimoni i\u00a0Vanessa Pons.<br \/>\n<strong>TUBA (del 10 al 14 de juliol)<\/strong><br \/>\nMiguel Vall\u00e9s.<br \/>\n<strong>TROMPA (del 17 al 21 de juliol)<\/strong><br \/>\nSalvador Navarro, Jos\u00e9 Sogorb i\u00a0Bastiste Bernat.<br \/>\n<strong>TROMB\u00d3 (del 17 al 21 de juliol)<\/strong><br \/>\nJuan Manuel Real.<br \/>\n<strong>SAX\u00d2FON (del 10 al 14 de juliol)<\/strong><br \/>\nJos\u00e9 Luis Garrido i\u00a0Pep Dom\u00ednguez.<br \/>\n<strong>OBO\u00c9 (del 22 al 26 de juliol)<\/strong><br \/>\nGuillermo Sanchis i\u00a0Ra\u00fal Gadea.<br \/>\n<strong>TROMPETA (del 24 al 28 de juliol)<\/strong><br \/>\nSalvador Ib\u00e1\u00f1ez i\u00a0Ra\u00fal Balaguer.<\/p>\n<p>Per a m\u00e9s informaci\u00f3 podreu consultar la p\u00e1gina de la <a href=\"http:\/\/umbenaguasil.es\/cursos-destiu\/\" target=\"_blank\" rel=\"noopener\">Uni\u00f3 Musical de Benaguasil.<\/a><\/p>\n","protected":false},"excerpt":{"rendered":"<p>El mes de juliol la Uni\u00f3 Musical de Benaguasil celebra un any m\u00e9s els cursos musicals d&#8217;estiu amb la pres\u00e8ncia de professors coneguts nacionalment i internacionalment.<\/p>\n","protected":false},"author":2,"featured_media":0,"comment_status":"closed","ping_status":"closed","sticky":false,"template":"","format":"standard","meta":{"footnotes":""},"categories":[56],"tags":[],"class_list":["post-5143","post","type-post","status-publish","format-standard","hentry","category-societats-musicals"],"_links":{"self":[{"href":"https:\/\/fsmcv.org\/vl\/wp-json\/wp\/v2\/posts\/5143","targetHints":{"allow":["GET"]}}],"collection":[{"href":"https:\/\/fsmcv.org\/vl\/wp-json\/wp\/v2\/posts"}],"about":[{"href":"https:\/\/fsmcv.org\/vl\/wp-json\/wp\/v2\/types\/post"}],"author":[{"embeddable":true,"href":"https:\/\/fsmcv.org\/vl\/wp-json\/wp\/v2\/users\/2"}],"replies":[{"embeddable":true,"href":"https:\/\/fsmcv.org\/vl\/wp-json\/wp\/v2\/comments?post=5143"}],"version-history":[{"count":0,"href":"https:\/\/fsmcv.org\/vl\/wp-json\/wp\/v2\/posts\/5143\/revisions"}],"wp:attachment":[{"href":"https:\/\/fsmcv.org\/vl\/wp-json\/wp\/v2\/media?parent=5143"}],"wp:term":[{"taxonomy":"category","embeddable":true,"href":"https:\/\/fsmcv.org\/vl\/wp-json\/wp\/v2\/categories?post=5143"},{"taxonomy":"post_tag","embeddable":true,"href":"https:\/\/fsmcv.org\/vl\/wp-json\/wp\/v2\/tags?post=5143"}],"curies":[{"name":"wp","href":"https:\/\/api.w.org\/{rel}","templated":true}]}}