{"id":5194,"date":"2017-07-10T13:38:06","date_gmt":"2017-07-10T11:38:06","guid":{"rendered":"http:\/\/fsmcv.org\/?post_type=fsmcv-noticias&#038;p=5194"},"modified":"2021-04-06T10:39:00","modified_gmt":"2021-04-06T08:39:00","slug":"abierta-la-convocatoria-para-participar-en-el-vi-ciclo-las-bandas-de-la-provincia-de-alicante-en-el-adda","status":"publish","type":"post","link":"https:\/\/fsmcv.org\/vl\/societats-musicals\/abierta-la-convocatoria-para-participar-en-el-vi-ciclo-las-bandas-de-la-provincia-de-alicante-en-el-adda\/","title":{"rendered":"Oberta la convocat\u00f2ria per a participar en el VI Cicle les Bandes de la Prov\u00edncia d&#8217;Alacant a l&#8217;ADDA"},"content":{"rendered":"<p>S\u2019ha obert el\u00a0termini\u00a0d\u2019inscripci\u00f3\u00a0per al VI Cicle les Bandes de la\u00a0Prov\u00edncia\u00a0d\u2019Alacant a l\u2019ADDA.\u00a0La finalitat d\u2019aquest\u00a0projecte\u00a0ser\u00e0\u00a0la\u00a0realitzaci\u00f3 d&#8217;un\u00a0cicle de 12 concerts per part de les Societats Musicals que participen i\u00a0es\u00a0representaran a l\u2019ADDA durant tot el 2018.<\/p>\n<p>Les Societats Musicals que\u00a0vulguen\u00a0participar en el\u00a0cicle\u00a0rebr\u00e0n per part de la Fundaci\u00f3 ADDA una\u00a0quantitat\u00a0de 2.000 euros\u00a0pel\u00a0concepte d\u2019actuaci\u00f3\u00a0de la Banda de M\u00fasica.<\/p>\n<p>Les Societats Musicals que desitgin participar han de completar el<a href=\"http:\/\/fsmcv.org\/BTnet-storage\/wp-uploads\/2017\/07\/BOP-ALICANTE-1.pdf\" target=\"_blank\" rel=\"noopener noreferrer\"> formulari annexo a les bases de la convocat\u00f2ria <\/a>i remetre-ho escanejat a les dues entitats que formen la comissi\u00f3 mixta que ser\u00e0 l&#8217;encarregada de seleccionar als participants: D&#8217;una banda a la Fundaci\u00f3 de la Comunitat Valenciana Auditori de la Diputaci\u00f3 d&#8217;Alacant, ADDA, a la seg\u00fcent adre\u00e7a electr\u00f2nica: <a href=\"mailto:adda@diputacionalicante.es\">adda@diputacionalicante.es<\/a> I d&#8217;altra banda a la FSMCV, a la seva adre\u00e7a de correu electr\u00f2nic: <a href=\"mailto:fsmcv@fsmcv.or\">fsmcv@fsmcv.or<\/a>g.<\/p>\n<h3>Termini de presentaci\u00f3:<\/h3>\n<p>Les sol\u00b7licituds d&#8217;inscripci\u00f3 es podran presentar fins al dia 4 d&#8217;agost.<\/p>\n<p><strong>Per a m\u00e9s\u00a0informaci\u00f3\u00a0sobre les bases i la\u00a0fitxa\u00a0d\u2019inscripci\u00f3:<\/strong><\/p>\n<p>Podreu accedir al <a href=\"http:\/\/fsmcv.org\/BTnet-storage\/wp-uploads\/2017\/07\/BOP-ALICANTE-1.pdf\">Bollet\u00ed Oficial de la\u00a0Prov\u00edncia\u00a0d\u2019Alacant<\/a> on podreu\u00a0trobar\u00a0les bases del projecte amb totes les dades\u00a0necess\u00e0ries\u00a0per poder\u00a0sol\u00b7licitar\u00a0la participaci\u00f3.<\/p>\n","protected":false},"excerpt":{"rendered":"<p>El VI Cicle les Bandes de la Prov\u00edncia d\u2019Alacant a l\u2019ADDA obri l&#8217;inscripci\u00f3 fins al pr\u00f2xim 4 d&#8217;agost a totes les Societats Musicals de la provincia. <\/p>\n","protected":false},"author":2,"featured_media":0,"comment_status":"closed","ping_status":"closed","sticky":false,"template":"","format":"standard","meta":{"footnotes":""},"categories":[56],"tags":[],"class_list":["post-5194","post","type-post","status-publish","format-standard","hentry","category-societats-musicals"],"_links":{"self":[{"href":"https:\/\/fsmcv.org\/vl\/wp-json\/wp\/v2\/posts\/5194","targetHints":{"allow":["GET"]}}],"collection":[{"href":"https:\/\/fsmcv.org\/vl\/wp-json\/wp\/v2\/posts"}],"about":[{"href":"https:\/\/fsmcv.org\/vl\/wp-json\/wp\/v2\/types\/post"}],"author":[{"embeddable":true,"href":"https:\/\/fsmcv.org\/vl\/wp-json\/wp\/v2\/users\/2"}],"replies":[{"embeddable":true,"href":"https:\/\/fsmcv.org\/vl\/wp-json\/wp\/v2\/comments?post=5194"}],"version-history":[{"count":0,"href":"https:\/\/fsmcv.org\/vl\/wp-json\/wp\/v2\/posts\/5194\/revisions"}],"wp:attachment":[{"href":"https:\/\/fsmcv.org\/vl\/wp-json\/wp\/v2\/media?parent=5194"}],"wp:term":[{"taxonomy":"category","embeddable":true,"href":"https:\/\/fsmcv.org\/vl\/wp-json\/wp\/v2\/categories?post=5194"},{"taxonomy":"post_tag","embeddable":true,"href":"https:\/\/fsmcv.org\/vl\/wp-json\/wp\/v2\/tags?post=5194"}],"curies":[{"name":"wp","href":"https:\/\/api.w.org\/{rel}","templated":true}]}}