{"id":5334,"date":"2017-07-21T11:41:40","date_gmt":"2017-07-21T09:41:40","guid":{"rendered":"http:\/\/fsmcv.org\/?post_type=fsmcv-noticias&#038;p=5334"},"modified":"2021-04-06T10:31:54","modified_gmt":"2021-04-06T08:31:54","slug":"cinc-bandes-valencianes-participaran-en-lolimpiada-de-wmc-kerkrade","status":"publish","type":"post","link":"https:\/\/fsmcv.org\/vl\/societats-musicals\/cinc-bandes-valencianes-participaran-en-lolimpiada-de-wmc-kerkrade\/","title":{"rendered":"Cinc bandes valencianes participaran en l&#8217;Olimp\u00edada de WMC Kerkrade"},"content":{"rendered":"<p>La World Music Contest de Kerkrade enguany celebra la seua<strong> 18\u00aa edici\u00f3<\/strong> amb la participaci\u00f3 de 250 agrupacions de 30 pa\u00efsos diferents. En aquesta edici\u00f3 l&#8217;Olimp\u00edada compta amb la pres\u00e8ncia de 5 agrupacions de la Comunitat Valenciana.<\/p>\n<p>El concurs que se celebra cada quatre anys t\u00e9 lloc del<strong> 6 al 30 de juliol<\/strong> a Holanda i es calcula que tindr\u00e0 una participaci\u00f3 al voltant de 500.000 espectadors i m\u00e9s de 20.000 participants d&#8217;entre totes les bandes. El WMC Kerkrade es mou per l&#8217;est\u00edmul dels talents de totes les edats, la lluita per la renovaci\u00f3 i el suport al desenvolupament de qualitat en la m\u00fasica.<\/p>\n<p>Les bandes valencianes que han sigut seleccionades participaran en diferents categories que presenta el propi concurs. En les diferents seccions hauran d&#8217;interpretar una obra obligat\u00f2ria i una obra lliure.<\/p>\n<p>La primera que va participar en Kerkrade va ser el passat 15 de juliol en la 2\u00aa secci\u00f3. Es tracta de la <strong>Societat Musical Eslava<\/strong>,\u00a0aquesta societat musical ja va participar en aquesta olimpiada fa 20 anys.<\/p>\n<p>Entre les bandes de la Comunitat trobem la <strong>Santa Cecilia de Requena<\/strong> que participar\u00e0 el pr\u00f2xim 30 de juliol en la 1\u00aa secci\u00f3 del certamen amb la interprteci\u00f3 de Harmony 1 com a obra obligat\u00f2ria. L&#8217;\u00fanica banda valenciana que es troba en aquesta secci\u00f3.<\/p>\n<p>Tamb\u00e9 participar\u00e0 el pr\u00f2xim 23 de juliol la <strong>Uni\u00f3\u00a0Musical Alqueriense<\/strong> en la 2\u00aa secci\u00f3 amb la interpretaci\u00f3 de Harmony 2 com a obligat\u00f2ria i L&#8217;Aigua Prodigiosa com a obra lliure. En aquesta secci\u00f3 tamb\u00e9 participar\u00e0 el<strong>\u00a0Casino Musical de Godella<\/strong> el dia 29 de juliol.<\/p>\n<p>Finalment,<strong> l&#8217;Harm\u00f2nica de Bunyol<\/strong> ha sigut seleccionada a la secci\u00f3 de concert, considerada la categoria regna del certamen. En aquesta secci\u00f3 \u00e9s l&#8217;\u00fanica categoria on no \u00e9s obligatori interpretar cap obra i tindran total llibertat per a oferir un concert d&#8217;una hora. El concert tindr\u00e0 lloc l&#8217;\u00faltim dia del certamen, el 30 de juliol.<\/p>\n<p>A m\u00e9s, el director <strong>Carlos Ram\u00f3n P\u00e9rez<\/strong> participant en la categoria de directors ha obtingut el primer premi del concurs la batuta d&#8217;or.<\/p>\n<p>El concurs per a tots aquells que vulguen recolzar a les cinc bandes que representaran a la Comunitat Valenciana el podran veure a trav\u00e9s de la web amb la opici\u00f3 <a href=\"https:\/\/www.wmc.nl\/nl\/live\" target=\"_blank\" rel=\"noopener\">Live<\/a>\u00a0que ofereix el WMC Kerkrade.<\/p>\n","protected":false},"excerpt":{"rendered":"<p>L&#8217;Olimp\u00edada de la m\u00fasica que se celebra del 6 al 30 de juliol arreplega enguany a 5 bandes valencianes.<\/p>\n","protected":false},"author":2,"featured_media":0,"comment_status":"closed","ping_status":"closed","sticky":false,"template":"","format":"standard","meta":{"footnotes":""},"categories":[56],"tags":[],"class_list":["post-5334","post","type-post","status-publish","format-standard","hentry","category-societats-musicals"],"_links":{"self":[{"href":"https:\/\/fsmcv.org\/vl\/wp-json\/wp\/v2\/posts\/5334","targetHints":{"allow":["GET"]}}],"collection":[{"href":"https:\/\/fsmcv.org\/vl\/wp-json\/wp\/v2\/posts"}],"about":[{"href":"https:\/\/fsmcv.org\/vl\/wp-json\/wp\/v2\/types\/post"}],"author":[{"embeddable":true,"href":"https:\/\/fsmcv.org\/vl\/wp-json\/wp\/v2\/users\/2"}],"replies":[{"embeddable":true,"href":"https:\/\/fsmcv.org\/vl\/wp-json\/wp\/v2\/comments?post=5334"}],"version-history":[{"count":0,"href":"https:\/\/fsmcv.org\/vl\/wp-json\/wp\/v2\/posts\/5334\/revisions"}],"wp:attachment":[{"href":"https:\/\/fsmcv.org\/vl\/wp-json\/wp\/v2\/media?parent=5334"}],"wp:term":[{"taxonomy":"category","embeddable":true,"href":"https:\/\/fsmcv.org\/vl\/wp-json\/wp\/v2\/categories?post=5334"},{"taxonomy":"post_tag","embeddable":true,"href":"https:\/\/fsmcv.org\/vl\/wp-json\/wp\/v2\/tags?post=5334"}],"curies":[{"name":"wp","href":"https:\/\/api.w.org\/{rel}","templated":true}]}}