{"id":5429,"date":"2017-07-29T10:43:26","date_gmt":"2017-07-29T08:43:26","guid":{"rendered":"http:\/\/fsmcv.org\/?post_type=fsmcv-noticias&#038;p=5429"},"modified":"2021-04-06T10:25:57","modified_gmt":"2021-04-06T08:25:57","slug":"la-venda-dentrades-per-al-mano-mano-de-bunyol-comenca-el-7-dagost","status":"publish","type":"post","link":"https:\/\/fsmcv.org\/vl\/societats-musicals\/la-venda-dentrades-per-al-mano-mano-de-bunyol-comenca-el-7-dagost\/","title":{"rendered":"La venda d&#8217;entrades per al &#8220;Mano a mano&#8221; de Bunyol comen\u00e7a el 7 d&#8217;agost"},"content":{"rendered":"<p>El &#8220;Mano a mano&#8221; es ja una tradici\u00f3 en la localitat, que el celebra des de fa 44 anys i que, en l&#8217;\u00faltima edici\u00f3, <a href=\"http:\/\/fsmcv.org\/es\/actualidad\/comarcas\/el-mano-a-mano-de-bunyol-comptara-amb-quasi-400-musics-damunt-de-lescenari\">va posar sobre l&#8217;escenari a m\u00e9s de 400 m\u00fasics<\/a>.\u00a0Per a l&#8217;edici\u00f3 de 2017, que tindr\u00e0 lloc el pr\u00f2xim 19 d&#8217;agost a les 22:30 en l&#8217;Auditori a l&#8217;aire lliure de San Luis, les entrades podran adquirir-se a partir del 7 d&#8217;agost. El concert ajunta a &#8220;La Art\u00edstica&#8221; i &#8220;La Arm\u00f3nica&#8221;, dues formacions de banda campiones del m\u00f3n en l&#8217;Olimp\u00edada de Kerkrado (Holanda).<\/p>\n<p>&nbsp;<\/p>\n<p>La venda d&#8217;entrades estar\u00e0 activa en horari de 19 h a 21 h en l&#8217;Ajuntament de Bunyol. Tenen un preu de 10 euros les anticipades i de 15 euros en taquilla. Els qui no puguen despla\u00e7ar-se a la localitat per comprar les entrades, poden\u00a0cridar per tel\u00e8fon o enviar un correu electr\u00f2nic per reservar-les a trav\u00e9s de les societats musicals; estes s\u00f3n les dades de contacte:\u00a0sociedad@laartistica.org o el tel\u00e8fon 962 50 02 50;\u00a0sociedad@cimlaarmonica.es\u00a0o el tel\u00e8fon\u00a0962 50 01 53. Seran les Societats Musicals les que explicaran els detalls per a la compra despr\u00e9s del contacte.<\/p>\n<p>&nbsp;<\/p>\n<p>Este a\u00f1o ser\u00e0 &#8220;La Arm\u00f3nica&#8221; la que comen\u00e7a el &#8220;Mano a mano&#8221;, i ho far\u00e0 baix la batuta del gallec\u00a0<strong>David Fiuza Souto<\/strong>. Interpretaran &#8220;<strong>Tempus Fugit&#8221;<\/strong> del bunyolense i el m\u00fasic de &#8220;<strong>La Arm\u00f3nica<\/strong>&#8220;, Santi Miguel; &#8220;<strong>Vivencias<\/strong>&#8221; de Francisco Tamarit Fayos con sus tres movimientos &#8220;En Am\u00e9rica&#8221;, &#8220;Con mis pensamientos&#8221; i &#8220;En Kerkrade&#8221;. Continuaran amb &#8220;<strong>El puerto<\/strong>&#8221; (de la &#8220;Suite Iberia&#8221;), de Isaac Alb\u00e9niz, que comptar\u00e0 amb el piano solista David Almerich Soldado. Conclouran amb &#8220;<strong>Invocaci\u00f3n<\/strong>&#8220;, les interpretar\u00e0 &#8220;El Litro&#8221;, que va participar en l&#8217;Olimp\u00edada de Kerkrade el mes de juliol.<\/p>\n<p>&nbsp;<\/p>\n<p>Per la seua part, la Societat Musical &#8220;La Art\u00edstica&#8221; posar\u00e0 sobre l&#8217;escenari baix la batuta de l&#8217;holand\u00e9s\u00a0<strong>Henrie Adams<\/strong> la &#8220;<strong>Sinfon\u00eda n\u00ba 5 en Mi menor, La Eleg\u00edaca&#8221;<\/strong> de <strong>Thomas Trachsel<\/strong>. &#8220;Los Feos&#8221; interpretaran els seus quatre moviments: &#8220;Misterioso&#8221;, &#8220;Scherzo&#8221;, &#8220;Adagio&#8221; i &#8220;Finale&#8221;. Cal destacar que esta obra que interpretar\u00e0 &#8220;La Art\u00edstica&#8221; \u00e9s estrena mundial. Conclouran interpretant l&#8217;Himne a Bunyol, dels mestres Chillida i Guzm\u00e1z C\u00e1rcel.<\/p>\n<p>&nbsp;<\/p>\n<p>#YoVoyAlManoaMano<\/p>\n","protected":false},"excerpt":{"rendered":"<p>El concert es celebrar\u00e0 la nit del dia 19 d&#8217;agost de 2017.<\/p>\n","protected":false},"author":2,"featured_media":0,"comment_status":"closed","ping_status":"closed","sticky":false,"template":"","format":"standard","meta":{"footnotes":""},"categories":[56],"tags":[],"class_list":["post-5429","post","type-post","status-publish","format-standard","hentry","category-societats-musicals"],"_links":{"self":[{"href":"https:\/\/fsmcv.org\/vl\/wp-json\/wp\/v2\/posts\/5429","targetHints":{"allow":["GET"]}}],"collection":[{"href":"https:\/\/fsmcv.org\/vl\/wp-json\/wp\/v2\/posts"}],"about":[{"href":"https:\/\/fsmcv.org\/vl\/wp-json\/wp\/v2\/types\/post"}],"author":[{"embeddable":true,"href":"https:\/\/fsmcv.org\/vl\/wp-json\/wp\/v2\/users\/2"}],"replies":[{"embeddable":true,"href":"https:\/\/fsmcv.org\/vl\/wp-json\/wp\/v2\/comments?post=5429"}],"version-history":[{"count":0,"href":"https:\/\/fsmcv.org\/vl\/wp-json\/wp\/v2\/posts\/5429\/revisions"}],"wp:attachment":[{"href":"https:\/\/fsmcv.org\/vl\/wp-json\/wp\/v2\/media?parent=5429"}],"wp:term":[{"taxonomy":"category","embeddable":true,"href":"https:\/\/fsmcv.org\/vl\/wp-json\/wp\/v2\/categories?post=5429"},{"taxonomy":"post_tag","embeddable":true,"href":"https:\/\/fsmcv.org\/vl\/wp-json\/wp\/v2\/tags?post=5429"}],"curies":[{"name":"wp","href":"https:\/\/api.w.org\/{rel}","templated":true}]}}