{"id":5442,"date":"2017-07-28T12:49:33","date_gmt":"2017-07-28T10:49:33","guid":{"rendered":"http:\/\/fsmcv.org\/?post_type=fsmcv-noticias&#038;p=5442"},"modified":"2021-04-06T10:26:13","modified_gmt":"2021-04-06T08:26:13","slug":"nou-director-de-la-suma-de-sax","status":"publish","type":"post","link":"https:\/\/fsmcv.org\/vl\/societats-musicals\/nou-director-de-la-suma-de-sax\/","title":{"rendered":"Nou director de la SUMA de Sax"},"content":{"rendered":"<p>Jos\u00e9 Antonio Antol\u00edn assumeix la batuta de la Uni\u00f3 Musical de Sax a partir del 30 d&#8217;agost. El m\u00fasic saixenc s&#8217;incorporar\u00e0 com a director titular de la banda despr\u00e9s de la marxa de Pedro Lara el passat mes de juny.<\/p>\n<p>&nbsp;<\/p>\n<p>Antol\u00edn \u00e9s un gran conegut de la societat, ja que va inici\u00e0 en la banda saixenca els seus estudis de trompa i ha participat amb ella molt\u00edssims anys en cert\u00e0mens i tot tipus de concerts i actuacions.<\/p>\n<p>&nbsp;<\/p>\n<p>Actualment \u00e9s professor de trompa en el Conservatori Professional de M\u00fasica \u00abAna Mar\u00eda S\u00e1nchez\u00bb d&#8217;Elda, i ha estat director de l&#8217;escola i de la banda Societat Uni\u00f3 Musical Algue\u00f1ense de l&#8217;Alguenya i ho \u00e9s actualment de la Societat \u00abLa Esperanza\u00bb de Sant Vicent del Raspeig. Amb estes formacions ha aconseguit importants premis en diferents cert\u00e0mens, a nivell provincial i auton\u00f2mic.<\/p>\n<p>&nbsp;<\/p>\n<p>Ha treballat amb directors com\u00a0Yuri Temirkanov, L\u00f3pez Cobos, Aldo\u00a0Ceccato, Helmuth Rilling, Fruhbeck de Burgos, Tamas Vasari o Alain Lombard, entre d&#8217;altres, i \u00e9s fundador del quintet de vent cl\u00e0ssic \u00abSevilla Wind Quintet\u00bb.<\/p>\n<p>&nbsp;<\/p>\n<p>Amb la incorporaci\u00f3 de Jos\u00e9 Antonio Anol\u00edn, la Uni\u00f3 Musical de Sax inicia una nova etapa en la que espera comptar amb el suport de socis i simpatitzants.<\/p>\n","protected":false},"excerpt":{"rendered":"<p>Jos\u00e9 Antonio Antol\u00edn assumeix la batuta de la Uni\u00f3 Musical de Sax despr\u00e9s de la marxa de Pedro Lara el passat mes de juny.<\/p>\n","protected":false},"author":2,"featured_media":0,"comment_status":"closed","ping_status":"closed","sticky":false,"template":"","format":"standard","meta":{"footnotes":""},"categories":[56],"tags":[],"class_list":["post-5442","post","type-post","status-publish","format-standard","hentry","category-societats-musicals"],"_links":{"self":[{"href":"https:\/\/fsmcv.org\/vl\/wp-json\/wp\/v2\/posts\/5442","targetHints":{"allow":["GET"]}}],"collection":[{"href":"https:\/\/fsmcv.org\/vl\/wp-json\/wp\/v2\/posts"}],"about":[{"href":"https:\/\/fsmcv.org\/vl\/wp-json\/wp\/v2\/types\/post"}],"author":[{"embeddable":true,"href":"https:\/\/fsmcv.org\/vl\/wp-json\/wp\/v2\/users\/2"}],"replies":[{"embeddable":true,"href":"https:\/\/fsmcv.org\/vl\/wp-json\/wp\/v2\/comments?post=5442"}],"version-history":[{"count":0,"href":"https:\/\/fsmcv.org\/vl\/wp-json\/wp\/v2\/posts\/5442\/revisions"}],"wp:attachment":[{"href":"https:\/\/fsmcv.org\/vl\/wp-json\/wp\/v2\/media?parent=5442"}],"wp:term":[{"taxonomy":"category","embeddable":true,"href":"https:\/\/fsmcv.org\/vl\/wp-json\/wp\/v2\/categories?post=5442"},{"taxonomy":"post_tag","embeddable":true,"href":"https:\/\/fsmcv.org\/vl\/wp-json\/wp\/v2\/tags?post=5442"}],"curies":[{"name":"wp","href":"https:\/\/api.w.org\/{rel}","templated":true}]}}