{"id":5447,"date":"2017-07-28T14:11:24","date_gmt":"2017-07-28T12:11:24","guid":{"rendered":"http:\/\/fsmcv.org\/?post_type=fsmcv-noticias&#038;p=5447"},"modified":"2021-04-06T10:26:05","modified_gmt":"2021-04-06T08:26:05","slug":"termini-previ-per-la-convocatoria-de-subvencions-centres-densenyanca-no-reglat","status":"publish","type":"post","link":"https:\/\/fsmcv.org\/vl\/convocatories-publiques\/termini-previ-per-la-convocatoria-de-subvencions-centres-densenyanca-no-reglat\/","title":{"rendered":"Termini previ de convocat\u00f2ria de subvencions a centres d&#8217;ensenyament no reglat"},"content":{"rendered":"<p>Des del Servei d&#8217;Ensenyaments de R\u00e8gim Especial ens informem de la publicaci\u00f3 de\u00a0l&#8217;Ordre 32\/2017, de 24 de juliol, del conseller d\u2019Educaci\u00f3, Investigaci\u00f3, Cultura i Esport per la qual es modifica l\u2019Ordre<br \/>\n42\/2016, de 3 d\u2019agost, per la qual s\u2019aproven les bases reguladores de les <strong>subvencions a centres d\u2019ensenyament no reglat de m\u00fasica i de dansa, dependents de corporacions locals o d\u2019entitats privades sense \u00e0nim de lucre de la Comunitat Valenciana<\/strong>.<\/p>\n<p>En breu es publicar\u00e0 la Resoluci\u00f3 per la qual es convoquen les subvencions destinades a estes entitats per a l\u2019exercici 2017, amb un pressupost de 6.648.276,83 \u20ac. Est\u00e0 previst que <strong>el termini de presentaci\u00f3 de les sol\u00b7licituds siga des del dia 1 de setembre fins el 15 de setembre de 2017<\/strong>. El procediment \u00e9s exclusivament telem\u00e0tic i es necessita certificat digital per a la seua tramitaci\u00f3.<\/p>\n<p><a href=\"http:\/\/www.ceice.gva.es\/va\/web\/ensenanzas-regimen-especial\/escuelas-de-musica\" target=\"_blank\" rel=\"noopener noreferrer\"><strong>Ac\u00ed<\/strong><\/a>\u00a0es pot trobar tota la informaci\u00f3 i documentaci\u00f3 necess\u00e0ria per tal que les entitats interessades puguen preparar tot el que necessiten abans de l&#8217;obertura del termini.<\/p>\n","protected":false},"excerpt":{"rendered":"<p>Est\u00e0 previst que el termini de presentaci\u00f3 de les sol\u00b7licituds siga des del dia 1 de setembre fins el 15 de setembre de 2017.<\/p>\n","protected":false},"author":2,"featured_media":0,"comment_status":"closed","ping_status":"closed","sticky":false,"template":"","format":"standard","meta":{"footnotes":""},"categories":[45],"tags":[],"class_list":["post-5447","post","type-post","status-publish","format-standard","hentry","category-convocatories-publiques"],"_links":{"self":[{"href":"https:\/\/fsmcv.org\/vl\/wp-json\/wp\/v2\/posts\/5447","targetHints":{"allow":["GET"]}}],"collection":[{"href":"https:\/\/fsmcv.org\/vl\/wp-json\/wp\/v2\/posts"}],"about":[{"href":"https:\/\/fsmcv.org\/vl\/wp-json\/wp\/v2\/types\/post"}],"author":[{"embeddable":true,"href":"https:\/\/fsmcv.org\/vl\/wp-json\/wp\/v2\/users\/2"}],"replies":[{"embeddable":true,"href":"https:\/\/fsmcv.org\/vl\/wp-json\/wp\/v2\/comments?post=5447"}],"version-history":[{"count":0,"href":"https:\/\/fsmcv.org\/vl\/wp-json\/wp\/v2\/posts\/5447\/revisions"}],"wp:attachment":[{"href":"https:\/\/fsmcv.org\/vl\/wp-json\/wp\/v2\/media?parent=5447"}],"wp:term":[{"taxonomy":"category","embeddable":true,"href":"https:\/\/fsmcv.org\/vl\/wp-json\/wp\/v2\/categories?post=5447"},{"taxonomy":"post_tag","embeddable":true,"href":"https:\/\/fsmcv.org\/vl\/wp-json\/wp\/v2\/tags?post=5447"}],"curies":[{"name":"wp","href":"https:\/\/api.w.org\/{rel}","templated":true}]}}