{"id":5456,"date":"2017-07-31T11:52:03","date_gmt":"2017-07-31T09:52:03","guid":{"rendered":"http:\/\/fsmcv.org\/?post_type=fsmcv-noticias&#038;p=5456"},"modified":"2021-04-06T10:21:14","modified_gmt":"2021-04-06T08:21:14","slug":"concerts-destiu-tuejar","status":"publish","type":"post","link":"https:\/\/fsmcv.org\/vl\/societats-musicals\/concerts-destiu-tuejar\/","title":{"rendered":"Concerts d&#8217;estiu a Tu\u00e9jar"},"content":{"rendered":"<p>La banda del Centre Art\u00edstic Cultural de Tu\u00e9jar posar\u00e0 m\u00fasica a la setmana de festes de la localitat del Serrans en dos concerts en agost.<\/p>\n<p>&nbsp;<\/p>\n<p>El primer d&#8217;ells ser\u00e0 simf\u00f2nic i se celebrar\u00e0 el diumenge 6 d&#8217;agost de 2017 en l&#8217;Auditori Municipal. Dirigit per Aar\u00f3n Crist\u00f3fol Rubio, comptar\u00e0 amb les seg\u00fcents peces en programa:\u00a0&#8220;Las Arenas&#8221; (Manuel Morales), &#8220;Sinfon\u00eda Nobilissima&#8221; (Robert E. Jager), &#8220;Taj Mahal&#8221; (Hugo Chinesta), &#8220;Danzas Fant\u00e1sticas. III Org\u00eda (Joaqu\u00edn Turina), &#8220;Earthdance&#8221; (Michael Sweeney), &#8220;Pilatus. Mountain of Dragons&#8221; (Steve Reineke) y &#8220;Conga del Fuego Nuevo&#8221; (Arturo M\u00e1rquez).<\/p>\n<p>&nbsp;<\/p>\n<p>Este primer concert simf\u00f2nic servir\u00e0 de pr\u00e8via al que la banda de Tu\u00e9jar interpretar\u00e0 en el Palau de la M\u00fasica de Val\u00e8ncia el pr\u00f2xim 9 de setembre a les 19:30 (entrada gratu\u00efta. <a href=\"http:\/\/www.palaudevalencia.com\/espectaculo\/15\/asociaciOn-artIstico-cultural-de-tuejar.html\" target=\"_blank\" rel=\"noopener noreferrer\">M\u00e9s informaci\u00f3<\/a>).<\/p>\n<p>&nbsp;<\/p>\n<p>El segon concert ser\u00e0 el divendres 11 d&#8217;agost a les 23:00 en el front\u00f3 municipal. Es tracta d&#8217;una selecci\u00f3 de &#8220;ballables&#8221;, en el que la banda interpretar\u00e0 pasdobles, mambos, boleros i cl\u00e0ssics de Nino Bravo, Raphael, Queen, Abba i moltes altres formacions musicals.<\/p>\n","protected":false},"excerpt":{"rendered":"<p>Es tracta d&#8217;un concert simf\u00f2nic el diumenge 6 d&#8217;agost a l&#8217;auditori i un de m\u00fasica de ball el divendres 11 d&#8217;agost al front\u00f3.<\/p>\n","protected":false},"author":2,"featured_media":0,"comment_status":"closed","ping_status":"closed","sticky":false,"template":"","format":"standard","meta":{"footnotes":""},"categories":[56],"tags":[],"class_list":["post-5456","post","type-post","status-publish","format-standard","hentry","category-societats-musicals"],"_links":{"self":[{"href":"https:\/\/fsmcv.org\/vl\/wp-json\/wp\/v2\/posts\/5456","targetHints":{"allow":["GET"]}}],"collection":[{"href":"https:\/\/fsmcv.org\/vl\/wp-json\/wp\/v2\/posts"}],"about":[{"href":"https:\/\/fsmcv.org\/vl\/wp-json\/wp\/v2\/types\/post"}],"author":[{"embeddable":true,"href":"https:\/\/fsmcv.org\/vl\/wp-json\/wp\/v2\/users\/2"}],"replies":[{"embeddable":true,"href":"https:\/\/fsmcv.org\/vl\/wp-json\/wp\/v2\/comments?post=5456"}],"version-history":[{"count":0,"href":"https:\/\/fsmcv.org\/vl\/wp-json\/wp\/v2\/posts\/5456\/revisions"}],"wp:attachment":[{"href":"https:\/\/fsmcv.org\/vl\/wp-json\/wp\/v2\/media?parent=5456"}],"wp:term":[{"taxonomy":"category","embeddable":true,"href":"https:\/\/fsmcv.org\/vl\/wp-json\/wp\/v2\/categories?post=5456"},{"taxonomy":"post_tag","embeddable":true,"href":"https:\/\/fsmcv.org\/vl\/wp-json\/wp\/v2\/tags?post=5456"}],"curies":[{"name":"wp","href":"https:\/\/api.w.org\/{rel}","templated":true}]}}