{"id":5465,"date":"2017-07-24T12:17:21","date_gmt":"2017-07-24T10:17:21","guid":{"rendered":"http:\/\/fsmcv.org\/?post_type=fsmcv-noticias&#038;p=5465"},"modified":"2021-04-06T10:31:43","modified_gmt":"2021-04-06T08:31:43","slug":"la-sum-dalberic-guanya-la-seccio-dhonor-del-certamen-internacional-de-bandes-ciutat-de-valencia","status":"publish","type":"post","link":"https:\/\/fsmcv.org\/vl\/certamens\/la-sum-dalberic-guanya-la-seccio-dhonor-del-certamen-internacional-de-bandes-ciutat-de-valencia\/","title":{"rendered":"La SUM d&#8217;Alberic guanya la secci\u00f3 d&#8217;honor del Certamen Internacional de Bandes &#8220;Ciutat de Val\u00e8ncia&#8221;"},"content":{"rendered":"<p>La Societat Uni\u00f3 Musical Alberic, sota la direcci\u00f3 de Daniel Ferrero\u00a0i amb un total de 371,5 punts,\u00a0\u00a0va resultar la guanyadora de la\u00a0\u00a0Secci\u00f3 d\u2019honor del Certamen Internacional de Bandes de M\u00fasica \u201cCiutat de Val\u00e8ncia\u201d 2017. La Banda Sinf\u00f3nica C\u00edrculo Cat\u00f3lico de Torrent ha quedat en segona posici\u00f3 amb 331,5 punts, mentres que la Societat Musical d&#8217;Alboraya ha ocupat el tercer lloc amb 292 punts. L\u2019alcalde de Val\u00e8ncia, Joan Rib\u00f3, acompanyat per la regidora de Cultura i presidenta del Comit\u00e9 Organitzador del Certamen, Gl\u00f2ria Tello, va entregar el premi a la societat musical guanyadora, en un acte al qual tamb\u00e9 van assistir el director del Palau, Vicent Ros i el secretari auton\u00f2mic de Cultura, Albert Girona.<\/p>\n<p>&nbsp;<\/p>\n<p>Les bandes guanyadores de les diferents seccions del Certamen, van ser tamb\u00e9 l&#8217;Uni\u00f3n Musical de Dolores en la Secci\u00f3 Tercera, la Sociedad Musical \u201cLa Popular\u201d de Pedralba en la\u00a0 Secci\u00f3 Segona i la Societat Musical \u201cLa Primitiva\u201d de Rafelbunyol\u00a0 en\u00a0 la Secci\u00f3 Primera.<\/p>\n<p>&nbsp;<\/p>\n<p>L\u2019obra obligada\u00a0\u00a0de la Secci\u00f3\u00a0d&#8217;Honor\u00a0\u00a0va ser\u00a0\u201cScylla\u201d del valenci\u00e0 Francisco Zacar\u00e9s.\u00a0\u00a0Es tracta d\u2019una obra que va guanyar el XXVIII Concorso Internazionale di Composizione Originale per Banda\u00a0 2011 de Corciano (It\u00e0lia) i est\u00e0 basada en la mitologia grega.\u00a0La Societat Uni\u00f3 Musical d&#8217;Alberic va interpretar a m\u00e9s, el pasdoble &#8220;Encuentros&#8221; de Jose R. Pascual\u00a0Villaplana i l&#8217;obra lliure &#8220;Wine-Dark Sea&#8221; de John Mackey.\u00a0\u00a0La dotaci\u00f3 dels premis per a la Secci\u00f3 d\u2019Honor ha sigut de 9.000 euros per a la guanyadora, 6.000 euros per a la segona i 4.000 euros per a la tercera.<\/p>\n","protected":false},"excerpt":{"rendered":"<p>Sota la direcci\u00f3 de Daniel Ferrero, aconsegu\u00ed un total de 371,5 punts.<\/p>\n","protected":false},"author":2,"featured_media":0,"comment_status":"closed","ping_status":"closed","sticky":false,"template":"","format":"standard","meta":{"footnotes":""},"categories":[234],"tags":[],"class_list":["post-5465","post","type-post","status-publish","format-standard","hentry","category-certamens"],"_links":{"self":[{"href":"https:\/\/fsmcv.org\/vl\/wp-json\/wp\/v2\/posts\/5465","targetHints":{"allow":["GET"]}}],"collection":[{"href":"https:\/\/fsmcv.org\/vl\/wp-json\/wp\/v2\/posts"}],"about":[{"href":"https:\/\/fsmcv.org\/vl\/wp-json\/wp\/v2\/types\/post"}],"author":[{"embeddable":true,"href":"https:\/\/fsmcv.org\/vl\/wp-json\/wp\/v2\/users\/2"}],"replies":[{"embeddable":true,"href":"https:\/\/fsmcv.org\/vl\/wp-json\/wp\/v2\/comments?post=5465"}],"version-history":[{"count":0,"href":"https:\/\/fsmcv.org\/vl\/wp-json\/wp\/v2\/posts\/5465\/revisions"}],"wp:attachment":[{"href":"https:\/\/fsmcv.org\/vl\/wp-json\/wp\/v2\/media?parent=5465"}],"wp:term":[{"taxonomy":"category","embeddable":true,"href":"https:\/\/fsmcv.org\/vl\/wp-json\/wp\/v2\/categories?post=5465"},{"taxonomy":"post_tag","embeddable":true,"href":"https:\/\/fsmcv.org\/vl\/wp-json\/wp\/v2\/tags?post=5465"}],"curies":[{"name":"wp","href":"https:\/\/api.w.org\/{rel}","templated":true}]}}