{"id":547,"date":"2016-09-18T18:43:25","date_gmt":"2016-09-18T16:43:25","guid":{"rendered":"http:\/\/fsmcv.org\/?post_type=fsmcv-noticias&#038;p=547"},"modified":"2020-09-27T18:15:08","modified_gmt":"2020-09-27T18:15:08","slug":"tales-acull-la-xxii-trobada-de-bandes-de-musica-de-la-plana-baixa","status":"publish","type":"post","link":"https:\/\/fsmcv.org\/vl\/noticies-campanyes\/musica-a-la-llum\/tales-acull-la-xxii-trobada-de-bandes-de-musica-de-la-plana-baixa\/","title":{"rendered":"Tales acull la XXII Trobada de Bandes de M\u00fasica de la Plana Baixa"},"content":{"rendered":"<p>Tales, 18 de setembre de 2016<br \/>\nL&#8217;Associaci\u00f3 Musical Talense ser\u00e0 l&#8217;amfitriona de la sisena cita que es donen les bandes de m\u00fasica en el context de la XXII Trobada Comarcal de Bandes, organitzada per la Diputaci\u00f3 de Castell\u00f3, i que duu desenvolupant-se des del 19 de juny.<\/p>\n<p>En aquesta ocasi\u00f3, es reuniran les bandes de la comarca de la Plana Baixa: Uni\u00f3 Musical d&#8217;Alfondeguilla, Uni\u00f3 Musical Artanense, Uni\u00f3 Musical San Felipe Neri de la Llosa, Uni\u00f3 Musical Vallduxense de la Vall d&#8217;Uix\u00f3, Uni\u00f3 Musical Santa Cecilia de Onda, Associaci\u00f3 Uni\u00f3 Musical Santa Cecilia de Suera y Associaci\u00f3 Musical Talense. L&#8217;acte comen\u00e7ar\u00e0 a les 18 hores el 18 de setembre.<\/p>\n<p>Aix\u00ed, les Trobades s&#8217;han vingut realitzant en els seg\u00fcents municipis: el 19 de juny a Les Alqueries (Plana Baixa); el 16 de juliol a Altura (Alt Palancia), el 3 de setembre a Traiguera (Baix Maestrat); el 10 de setembre a Llucena (L\u00b4Alcalat\u00e9n-Alt *Mijares); el 17 de setembre a Bell-lloc (Plana Alta), el 18 de setembre a Tales (Plana Baixa), i el 26 de setembre conclouran a Cat\u00ed (Els Ports- Alt Maestrat).<\/p>\n","protected":false},"excerpt":{"rendered":"<p>Tales ser\u00e0 la pen\u00faltima cita de la XXII Trobada de Bandes, que finalitzar\u00e0 el 26 de setembre (&#8230;)<\/p>\n","protected":false},"author":2,"featured_media":0,"comment_status":"closed","ping_status":"closed","sticky":false,"template":"","format":"standard","meta":{"footnotes":""},"categories":[10],"tags":[],"class_list":["post-547","post","type-post","status-publish","format-standard","hentry","category-musica-a-la-llum"],"_links":{"self":[{"href":"https:\/\/fsmcv.org\/vl\/wp-json\/wp\/v2\/posts\/547","targetHints":{"allow":["GET"]}}],"collection":[{"href":"https:\/\/fsmcv.org\/vl\/wp-json\/wp\/v2\/posts"}],"about":[{"href":"https:\/\/fsmcv.org\/vl\/wp-json\/wp\/v2\/types\/post"}],"author":[{"embeddable":true,"href":"https:\/\/fsmcv.org\/vl\/wp-json\/wp\/v2\/users\/2"}],"replies":[{"embeddable":true,"href":"https:\/\/fsmcv.org\/vl\/wp-json\/wp\/v2\/comments?post=547"}],"version-history":[{"count":0,"href":"https:\/\/fsmcv.org\/vl\/wp-json\/wp\/v2\/posts\/547\/revisions"}],"wp:attachment":[{"href":"https:\/\/fsmcv.org\/vl\/wp-json\/wp\/v2\/media?parent=547"}],"wp:term":[{"taxonomy":"category","embeddable":true,"href":"https:\/\/fsmcv.org\/vl\/wp-json\/wp\/v2\/categories?post=547"},{"taxonomy":"post_tag","embeddable":true,"href":"https:\/\/fsmcv.org\/vl\/wp-json\/wp\/v2\/tags?post=547"}],"curies":[{"name":"wp","href":"https:\/\/api.w.org\/{rel}","templated":true}]}}