{"id":5471,"date":"2017-07-31T14:06:44","date_gmt":"2017-07-31T12:06:44","guid":{"rendered":"http:\/\/fsmcv.org\/?post_type=fsmcv-noticias&#038;p=5471"},"modified":"2021-04-06T10:21:01","modified_gmt":"2021-04-06T08:21:01","slug":"concert-de-musica-festera-de-denia-2017","status":"publish","type":"post","link":"https:\/\/fsmcv.org\/vl\/societats-musicals\/concert-de-musica-festera-de-denia-2017\/","title":{"rendered":"Concert de m\u00fasica festera de D\u00e9nia 2017"},"content":{"rendered":"<p>L&#8217;Agrupaci\u00f3 Art\u00edstica Musical de D\u00e9nia actuar\u00e0 el diumenge 6 d&#8217;agost en la pla\u00e7a del Consell de la capital de la Marina Alta en el concert de m\u00fasica festera en honor a Sant Roc. El director convidat ser\u00e0 V\u00edctor Vall\u00e9s Fornet i el programa comptar\u00e0 amb peces del propi V\u00edctor Vall\u00e9s, de Francisco Valor Llorens, Jos\u00e9 Mar\u00eda Ferrero Pastor i Pascual Marquina.<\/p>\n<p>&nbsp;<\/p>\n","protected":false},"excerpt":{"rendered":"<p>El director convidat ser\u00e0 V\u00edctor Vall\u00e9s Fornet.<\/p>\n","protected":false},"author":2,"featured_media":0,"comment_status":"closed","ping_status":"closed","sticky":false,"template":"","format":"standard","meta":{"footnotes":""},"categories":[56],"tags":[],"class_list":["post-5471","post","type-post","status-publish","format-standard","hentry","category-societats-musicals"],"_links":{"self":[{"href":"https:\/\/fsmcv.org\/vl\/wp-json\/wp\/v2\/posts\/5471","targetHints":{"allow":["GET"]}}],"collection":[{"href":"https:\/\/fsmcv.org\/vl\/wp-json\/wp\/v2\/posts"}],"about":[{"href":"https:\/\/fsmcv.org\/vl\/wp-json\/wp\/v2\/types\/post"}],"author":[{"embeddable":true,"href":"https:\/\/fsmcv.org\/vl\/wp-json\/wp\/v2\/users\/2"}],"replies":[{"embeddable":true,"href":"https:\/\/fsmcv.org\/vl\/wp-json\/wp\/v2\/comments?post=5471"}],"version-history":[{"count":0,"href":"https:\/\/fsmcv.org\/vl\/wp-json\/wp\/v2\/posts\/5471\/revisions"}],"wp:attachment":[{"href":"https:\/\/fsmcv.org\/vl\/wp-json\/wp\/v2\/media?parent=5471"}],"wp:term":[{"taxonomy":"category","embeddable":true,"href":"https:\/\/fsmcv.org\/vl\/wp-json\/wp\/v2\/categories?post=5471"},{"taxonomy":"post_tag","embeddable":true,"href":"https:\/\/fsmcv.org\/vl\/wp-json\/wp\/v2\/tags?post=5471"}],"curies":[{"name":"wp","href":"https:\/\/api.w.org\/{rel}","templated":true}]}}