{"id":5493,"date":"2017-08-01T16:59:01","date_gmt":"2017-08-01T14:59:01","guid":{"rendered":"http:\/\/fsmcv.org\/?post_type=fsmcv-noticias&#038;p=5493"},"modified":"2021-04-06T10:20:43","modified_gmt":"2021-04-06T08:20:43","slug":"lateneu-musical-de-cocentaina-enceta-les-festes-amb-el-32e-concert-de-musica-festera","status":"publish","type":"post","link":"https:\/\/fsmcv.org\/vl\/societats-musicals\/lateneu-musical-de-cocentaina-enceta-les-festes-amb-el-32e-concert-de-musica-festera\/","title":{"rendered":"L&#8217;Ateneu Musical de Cocentaina enceta les festes amb el 32\u00e9 Concert de M\u00fasica Festera"},"content":{"rendered":"<p>La Societat Ateneu Musical de Cocentaina celebra el seu 32\u00e9\u00a0Concert de M\u00fasica Festera el dilluns, dia 7 d\u2019agost a les 22:30 al pati d\u2019armes del Palau Comtal de Cocentaina. S\u2019interpretaran pasdobles, marxes cristianes i marxes mores, entre d\u2019altres, amb tocs d\u2019innovaci\u00f3 i arrels a la hist\u00f2ria de la m\u00fasica festera. En aquesta ocasi\u00f3, una part important del concert ser\u00e0 la direcci\u00f3 per part d\u2019alguns dels compositors de les seues pr\u00f2pies peces.<\/p>\n<p>&nbsp;<\/p>\n<p>El programa constar\u00e0 d\u2019un total de dotze peces recollides del panorama musical fester m\u00e9s rellevant de la hist\u00f2ria i actual. Aix\u00ed doncs, l\u2019Ateneu aconsegueix barrejar en un mateix concert peces cl\u00e0ssiques amb algunes estrenes aix\u00ed com innovacions i atreviments. Es podran escoltar peces com <em>Bon Capit\u00e0<\/em> del mestre Ferrero, <em>Pepito Gisbert<\/em> de Jos\u00e9 Insa o <em>Franjo el Sahor\u00ed<\/em> de Josep Vicent Egea d\u2019entre altres m\u00e9s cl\u00e0ssiques i <em>Al Monastir<\/em> de Ramon Garcia, <em>Laia<\/em> de Victor Vall\u00e9s o <em>Sir Driu<\/em> d\u2019Enrique Alborch entre les m\u00e9s innovadores. A m\u00e9s, el Concert ser\u00e0 la preparaci\u00f3 de l\u2019Ateneu per al 1er Certamen de M\u00fasica festera organitzat per l\u2019Associaci\u00f3 de Sant Jordi i on participar\u00e0 l\u2019Ateneu. Podrem escoltar el pasdoble Goya de Gonzalo Barrachina i Catarsis de Vicent Egea, obra lliure que interpretar\u00e0 l\u2019Ateneu per a aquest esdeveniment que es celebrar\u00e0 el pr\u00f2xim 23 de Setembre. El concert acabar\u00e0 amb la interpretaci\u00f3 de l\u2019<em>Himne de Festes<\/em> del mestre Jos\u00e9 Insa Mart\u00ednez.<\/p>\n<p>&nbsp;<\/p>\n<p>Els compositors convidats seran, per tant, Ramon Garcia, Josep Vicent Egea, Enrique Alborch, Victor Vall\u00e9s, Jose Maria Ferrero, Rafael Mullor Grau i Jos\u00e9 Rafael Pascual. A m\u00e9s, l\u2019Ateneu Musical de Cocentaina estar\u00e0 acompanyada en algunes peces per membres del grup de dol\u00e7ainers La Xafig\u00e0 de Muro.<\/p>\n<p>&nbsp;<\/p>\n<p>En definitiva, un concert per gaudir de la bona m\u00fasica festera i l\u2019oportunitat de viure una gran vetllada acompanyats per la Societat Ateneu Musical de Cocentaina afavorint l\u2019ambient fester en un marc incomparable com \u00e9s el pati d\u2019armes del Palau Comtal i encetant una de les setmanes m\u00e9s importants de la localitat.<\/p>\n","protected":false},"excerpt":{"rendered":"<p>La cita ser\u00e0 el dilluns 7 d\u2019agost al pati d\u2019armes del Palau Comtal de Cocentaina amb la pres\u00e8ncia dels compositors convidats que dirigiran les seues obres.<\/p>\n","protected":false},"author":2,"featured_media":0,"comment_status":"closed","ping_status":"closed","sticky":false,"template":"","format":"standard","meta":{"footnotes":""},"categories":[56],"tags":[],"class_list":["post-5493","post","type-post","status-publish","format-standard","hentry","category-societats-musicals"],"_links":{"self":[{"href":"https:\/\/fsmcv.org\/vl\/wp-json\/wp\/v2\/posts\/5493","targetHints":{"allow":["GET"]}}],"collection":[{"href":"https:\/\/fsmcv.org\/vl\/wp-json\/wp\/v2\/posts"}],"about":[{"href":"https:\/\/fsmcv.org\/vl\/wp-json\/wp\/v2\/types\/post"}],"author":[{"embeddable":true,"href":"https:\/\/fsmcv.org\/vl\/wp-json\/wp\/v2\/users\/2"}],"replies":[{"embeddable":true,"href":"https:\/\/fsmcv.org\/vl\/wp-json\/wp\/v2\/comments?post=5493"}],"version-history":[{"count":0,"href":"https:\/\/fsmcv.org\/vl\/wp-json\/wp\/v2\/posts\/5493\/revisions"}],"wp:attachment":[{"href":"https:\/\/fsmcv.org\/vl\/wp-json\/wp\/v2\/media?parent=5493"}],"wp:term":[{"taxonomy":"category","embeddable":true,"href":"https:\/\/fsmcv.org\/vl\/wp-json\/wp\/v2\/categories?post=5493"},{"taxonomy":"post_tag","embeddable":true,"href":"https:\/\/fsmcv.org\/vl\/wp-json\/wp\/v2\/tags?post=5493"}],"curies":[{"name":"wp","href":"https:\/\/api.w.org\/{rel}","templated":true}]}}