{"id":54954,"date":"2022-02-17T14:18:13","date_gmt":"2022-02-17T13:18:13","guid":{"rendered":"https:\/\/fsmcv.org\/certamens\/convocatoria-de-subvencions-per-a-ladquisicio-dinstruments-musicals-i-altres-bens-inventariables-2022\/"},"modified":"2022-02-17T14:21:01","modified_gmt":"2022-02-17T13:21:01","slug":"convocatoria-de-subvencions-per-a-ladquisicio-dinstruments-musicals-i-altres-bens-inventariables-2022","status":"publish","type":"post","link":"https:\/\/fsmcv.org\/vl\/convocatories-publiques\/convocatoria-de-subvencions-per-a-ladquisicio-dinstruments-musicals-i-altres-bens-inventariables-2022\/","title":{"rendered":"Convocat\u00f2ria de subvencions per a l&#8217;adquisici\u00f3 d&#8217;instruments musicals i altres b\u00e9ns inventariables, 2022"},"content":{"rendered":"\n<p><strong>Finalitat<\/strong><\/p>\n\n<p>Subvencions amb destinaci\u00f3 a finan\u00e7ar les despeses d&#8217;adquisici\u00f3 d&#8217;instruments musicals, equips inform\u00e0tics i altres b\u00e9ns inventariables necessaris per al desenvolupament de l&#8217;activitat (ordinadors, impressores, fotocopiadores, tauletes, pissarres digitals i projectors), que es realitzen de l&#8217;1 de gener al 30 de juny de 2022.<\/p>\n\n<p><strong>Termini i lloc de presentaci\u00f3<\/strong><\/p>\n\n<p>El termini de presentaci\u00f3 de sol\u00b7licituds ser\u00e0 de 20 dies h\u00e0bils a comptar des de l&#8217;endem\u00e0 al de la publicaci\u00f3 de l&#8217;extracte de la convocat\u00f2ria en el Butllet\u00ed Oficial de la Prov\u00edncia de Castell\u00f3.<\/p>\n\n<p>La sol\u00b7licitud es presentar\u00e0 de manera telem\u00e0tica a trav\u00e9s de la seu electr\u00f2nica de la Diputaci\u00f3 de Castell\u00f3, accessible a trav\u00e9s del seg\u00fcent enlla\u00e7: <a href=\"https:\/\/dipcas.sedelectronica.es\/\" target=\"_blank\" rel=\"noreferrer noopener\">https:\/\/dipcas.sedelectronica.es\/<\/a><\/p>\n\n<p>Adjuntem publicaci\u00f3: <a href=\"https:\/\/bop.dipcas.es\/PortalBOP\/boletin.do\" target=\"_blank\" rel=\"noreferrer noopener\">BOP C &#8211; Extracte Adquisici\u00f3 Instruments<\/a><\/p>\n","protected":false},"excerpt":{"rendered":"<p>Finalitat Subvencions amb destinaci\u00f3 a finan\u00e7ar les despeses d&#8217;adquisici\u00f3 d&#8217;instruments musicals, equips inform\u00e0tics i altres b\u00e9ns inventariables necessaris per al desenvolupament de l&#8217;activitat (ordinadors, impressores, fotocopiadores, tauletes, pissarres digitals i projectors), que es realitzen de l&#8217;1 de gener al 30 de juny de 2022. Termini i lloc de presentaci\u00f3 El termini de presentaci\u00f3 de sol\u00b7licituds [&hellip;]<\/p>\n","protected":false},"author":17,"featured_media":33174,"comment_status":"open","ping_status":"closed","sticky":false,"template":"","format":"standard","meta":{"footnotes":""},"categories":[45],"tags":[],"class_list":["post-54954","post","type-post","status-publish","format-standard","has-post-thumbnail","hentry","category-convocatories-publiques"],"_links":{"self":[{"href":"https:\/\/fsmcv.org\/vl\/wp-json\/wp\/v2\/posts\/54954","targetHints":{"allow":["GET"]}}],"collection":[{"href":"https:\/\/fsmcv.org\/vl\/wp-json\/wp\/v2\/posts"}],"about":[{"href":"https:\/\/fsmcv.org\/vl\/wp-json\/wp\/v2\/types\/post"}],"author":[{"embeddable":true,"href":"https:\/\/fsmcv.org\/vl\/wp-json\/wp\/v2\/users\/17"}],"replies":[{"embeddable":true,"href":"https:\/\/fsmcv.org\/vl\/wp-json\/wp\/v2\/comments?post=54954"}],"version-history":[{"count":0,"href":"https:\/\/fsmcv.org\/vl\/wp-json\/wp\/v2\/posts\/54954\/revisions"}],"wp:featuredmedia":[{"embeddable":true,"href":"https:\/\/fsmcv.org\/vl\/wp-json\/wp\/v2\/media\/33174"}],"wp:attachment":[{"href":"https:\/\/fsmcv.org\/vl\/wp-json\/wp\/v2\/media?parent=54954"}],"wp:term":[{"taxonomy":"category","embeddable":true,"href":"https:\/\/fsmcv.org\/vl\/wp-json\/wp\/v2\/categories?post=54954"},{"taxonomy":"post_tag","embeddable":true,"href":"https:\/\/fsmcv.org\/vl\/wp-json\/wp\/v2\/tags?post=54954"}],"curies":[{"name":"wp","href":"https:\/\/api.w.org\/{rel}","templated":true}]}}