{"id":5501,"date":"2017-08-02T08:34:35","date_gmt":"2017-08-02T06:34:35","guid":{"rendered":"http:\/\/fsmcv.org\/?post_type=fsmcv-noticias&#038;p=5501"},"modified":"2021-04-06T10:20:24","modified_gmt":"2021-04-06T08:20:24","slug":"la-sam-de-benifaio-rinde-homenaje-nino-bravo-en-las-fiestas-patronales","status":"publish","type":"post","link":"https:\/\/fsmcv.org\/vl\/societats-musicals\/la-sam-de-benifaio-rinde-homenaje-nino-bravo-en-las-fiestas-patronales\/","title":{"rendered":"La SAM de Benifai\u00f3 ret homenatge a Nino Bravo en les festes patronals"},"content":{"rendered":"<div>Amb motiu de les festes patronals de Benifai\u00f3, el proper diumenge 13 d&#8217;agost \u00a0tindr\u00e0 lloc el concert organitzat per la Societat Art\u00edstica Musical i patrocinat per l&#8217;Ajuntament de Benifai\u00f3: \u00abNino Bravo <em>in memoriam<\/em>\u00bb. Com a protagonites principals, la Banda de la Societat Art\u00edstica musical acompanyada per les veus solistes de Felipe Garpe, Fran Vianna i Marian Escrich, sota la batuta del director musical Jos\u00e9 Vicente Leal Mora.<\/div>\n<div><\/div>\n<div><\/div>\n<div>El concert ser\u00e0 el diumenge 13 d&#8217;agost a les 23h al CEIP Santa B\u00e0rbara de Benifai\u00f3 (la Ribera Alta). L&#8217;entrada \u00e9s gratu\u00efta.<\/div>\n","protected":false},"excerpt":{"rendered":"<p>El concert ser\u00e0 el diumenge 13 d&#8217;agost a les 23h al CEIP Santa B\u00e0rbara de Benifai\u00f3.<\/p>\n","protected":false},"author":2,"featured_media":0,"comment_status":"closed","ping_status":"closed","sticky":false,"template":"","format":"standard","meta":{"footnotes":""},"categories":[56],"tags":[],"class_list":["post-5501","post","type-post","status-publish","format-standard","hentry","category-societats-musicals"],"_links":{"self":[{"href":"https:\/\/fsmcv.org\/vl\/wp-json\/wp\/v2\/posts\/5501","targetHints":{"allow":["GET"]}}],"collection":[{"href":"https:\/\/fsmcv.org\/vl\/wp-json\/wp\/v2\/posts"}],"about":[{"href":"https:\/\/fsmcv.org\/vl\/wp-json\/wp\/v2\/types\/post"}],"author":[{"embeddable":true,"href":"https:\/\/fsmcv.org\/vl\/wp-json\/wp\/v2\/users\/2"}],"replies":[{"embeddable":true,"href":"https:\/\/fsmcv.org\/vl\/wp-json\/wp\/v2\/comments?post=5501"}],"version-history":[{"count":0,"href":"https:\/\/fsmcv.org\/vl\/wp-json\/wp\/v2\/posts\/5501\/revisions"}],"wp:attachment":[{"href":"https:\/\/fsmcv.org\/vl\/wp-json\/wp\/v2\/media?parent=5501"}],"wp:term":[{"taxonomy":"category","embeddable":true,"href":"https:\/\/fsmcv.org\/vl\/wp-json\/wp\/v2\/categories?post=5501"},{"taxonomy":"post_tag","embeddable":true,"href":"https:\/\/fsmcv.org\/vl\/wp-json\/wp\/v2\/tags?post=5501"}],"curies":[{"name":"wp","href":"https:\/\/api.w.org\/{rel}","templated":true}]}}