{"id":5589,"date":"2017-09-08T09:15:39","date_gmt":"2017-09-08T07:15:39","guid":{"rendered":"https:\/\/fsmcv.org\/?post_type=fsmcv-noticias&#038;p=5589"},"modified":"2021-03-31T19:44:27","modified_gmt":"2021-03-31T17:44:27","slug":"les-bandes-de-la-comunitat-son-de-pel%c2%b7licula","status":"publish","type":"post","link":"https:\/\/fsmcv.org\/vl\/societats-musicals\/les-bandes-de-la-comunitat-son-de-pel%c2%b7licula\/","title":{"rendered":"Les bandes de la Comunitat s\u00f3n de pel\u00b7l\u00edcula"},"content":{"rendered":"<p>Qu\u00e8 et sembla <strong>participar en una pel\u00b7l\u00edcula<\/strong> en la que els personatges s\u00f3n m\u00fasics d&#8217;una banda d&#8217;un poble de Val\u00e8ncia?<\/p>\n<p>&nbsp;<\/p>\n<p>Potser que estiguen buscant-te a tu! El productor Fernando Bovaira (productor habitual d&#8217;Alejandro Amen\u00e1bar) i el seu equip busquen persones que no siguen actors professionals i que estiguen relacionades amb el m\u00f3n de la m\u00fasica. El perfil requerit \u00e9s el d&#8217;<strong>homes de 20 a 30 anys sense experi\u00e8ncia en el m\u00f3n de la interpretaci\u00f3<\/strong>. Per a les persones seleccionades, el treball estar\u00e0 remunerat segons el conveni de cine.<\/p>\n<p>&nbsp;<\/p>\n<p>Vols provar? La responsable de c\u00e0sting pot despla\u00e7ar-se al lloc on assageu per mantindre una conversa amb vosaltres.\u00a0<strong>Despr\u00e9s d&#8217;un assaig<\/strong>, per exemple, tots aquells que compleixen el perfil\u00a0<strong>mantenen una entrevista de dos o tres minuts\u00a0<\/strong>que simplement s&#8217;enregistra amb un tel\u00e8fon m\u00f2bil.<\/p>\n<p>&nbsp;<\/p>\n<p>Nom\u00e9s heu de posar-vos en contacte a trav\u00e9s de <a href=\"mailto:elclubdeltalento@gmail.com\">elclubdeltalento@gmail.com<\/a> i establir una data i hora per a les entrevistes. Sort!<\/p>\n<p>&nbsp;<\/p>\n<h4>Sobre Fernando Bovaira<\/h4>\n<p>Bovaira (Castell\u00f3, 1963), ha treballat en la productora de cinema de Sogecable amb Alejandro Amen\u00e1bar en\u00a0<em>\u00c1gora, Mar adentro o Los Otros;\u00a0<\/em>estes dues \u00faltimes aconseguiren el Goya a la millor pel\u00b7l\u00edcula en 2001 i 2004, respectivament. Tamb\u00e9 ha treballat amb Jos\u00e9 Luis Cuerda (<em>La lengua de las mariposas, Los girasoles ciegos)<\/em>, Julio M\u00e9dem (<em>Luc\u00eda y el sexo)<\/em> o Daniel S\u00e1nchez Ar\u00e9valo (<em>Primos, La gran familia espa\u00f1ola)<\/em>.<\/p>\n<p>&nbsp;<\/p>\n","protected":false},"excerpt":{"rendered":"<p>Qu\u00e8 et sembla participar en una pel\u00b7l\u00edcula en la que els personatges s\u00f3n m\u00fasics d&#8217;una banda d&#8217;un poble de Val\u00e8ncia?<\/p>\n","protected":false},"author":2,"featured_media":0,"comment_status":"closed","ping_status":"closed","sticky":false,"template":"","format":"standard","meta":{"footnotes":""},"categories":[56],"tags":[],"class_list":["post-5589","post","type-post","status-publish","format-standard","hentry","category-societats-musicals"],"_links":{"self":[{"href":"https:\/\/fsmcv.org\/vl\/wp-json\/wp\/v2\/posts\/5589","targetHints":{"allow":["GET"]}}],"collection":[{"href":"https:\/\/fsmcv.org\/vl\/wp-json\/wp\/v2\/posts"}],"about":[{"href":"https:\/\/fsmcv.org\/vl\/wp-json\/wp\/v2\/types\/post"}],"author":[{"embeddable":true,"href":"https:\/\/fsmcv.org\/vl\/wp-json\/wp\/v2\/users\/2"}],"replies":[{"embeddable":true,"href":"https:\/\/fsmcv.org\/vl\/wp-json\/wp\/v2\/comments?post=5589"}],"version-history":[{"count":0,"href":"https:\/\/fsmcv.org\/vl\/wp-json\/wp\/v2\/posts\/5589\/revisions"}],"wp:attachment":[{"href":"https:\/\/fsmcv.org\/vl\/wp-json\/wp\/v2\/media?parent=5589"}],"wp:term":[{"taxonomy":"category","embeddable":true,"href":"https:\/\/fsmcv.org\/vl\/wp-json\/wp\/v2\/categories?post=5589"},{"taxonomy":"post_tag","embeddable":true,"href":"https:\/\/fsmcv.org\/vl\/wp-json\/wp\/v2\/tags?post=5589"}],"curies":[{"name":"wp","href":"https:\/\/api.w.org\/{rel}","templated":true}]}}