{"id":56845,"date":"2022-04-28T16:24:53","date_gmt":"2022-04-28T14:24:53","guid":{"rendered":"https:\/\/fsmcv.org\/certamens\/la-sam-dalginet-avaluara-candidatures-a-director-per-a-la-seua-banda-simfonica-despres-de-la-dimissio-de-carlos-aguado\/"},"modified":"2022-04-28T16:36:22","modified_gmt":"2022-04-28T14:36:22","slug":"la-sam-dalginet-avaluara-candidatures-a-director-per-a-la-seua-banda-simfonica-despres-de-la-dimissio-de-carlos-aguado","status":"publish","type":"post","link":"https:\/\/fsmcv.org\/vl\/altres\/la-sam-dalginet-avaluara-candidatures-a-director-per-a-la-seua-banda-simfonica-despres-de-la-dimissio-de-carlos-aguado\/","title":{"rendered":"La SAM d\u2019Alginet avaluar\u00e0 candidatures a director per a la seua Banda Simf\u00f2nica despr\u00e9s de la dimissi\u00f3 de Carlos Aguado"},"content":{"rendered":"\n<p>La junta directiva ha assegurat que \u201crespecta la decisi\u00f3 del mestre\u201d, li desitja \u201cel millor per al seu futur art\u00edstic\u201d, i li agraeix els \u201cvaluosos serveis prestats\u201d a la societat musical des de 2016.<br\/>La SAM d\u2019Alginet valorar\u00e0 les candidatures tant en el vessant art\u00edstic com en la capacitat per a cohesionar i il\u00b7lusionar al col\u00b7lectiu i de treballar en equip amb la resta de professionals i responsables de l&#8217;entitat.<br\/>La junta directiva ha comunicat a Aguado la seua intenci\u00f3 de celebrar un concert d&#8217;homenatge a la labor desenvolupada per ell, i per al qual es fixaria data m\u00e9s endavant\u201d.<\/p>\n\n<p class=\"has-text-align-right\">Alginet, 28 d&#8217;abril de 2022<\/p>\n\n<p><br\/>La Societat Art\u00edstica Musical (SAM) d\u2019Alginet ha iniciat el proc\u00e9s de designaci\u00f3 de candidatures per a nomenar un nou director o directora que lidere la Banda Simf\u00f2nica de l&#8217;entitat, una formaci\u00f3 hist\u00f2rica i mascar\u00f3 de proa de les diferents agrupacions art\u00edstiques de la societat musical, despr\u00e9s de la dimissi\u00f3 de Carlos Aguado.<br\/>La junta directiva ha assegurat que \u201crespecta la decisi\u00f3 del mestre Carlos Aguado i li desitja el millor per al seu futur art\u00edstic. Des de mar\u00e7 de 2016, Aguado ha estat al capdavant de la Banda Simf\u00f2nica de la SAM d\u2019Alginet, el seu municipi, per la qual cosa l&#8217;entitat se sent orgullosa pel treball realitzat i li agraeix els valuosos serveis prestats a la societat musical en aquests sis anys, pels quals passa a formar part de la seua llarga hist\u00f2ria. Aix\u00ed mateix, la junta directiva ha comunicat a Aguado la seua intenci\u00f3 de celebrar un concert d&#8217;homenatge a la labor desenvolupada per ell, i per al qual es fixaria data m\u00e9s endavant\u201d.<br\/>La SAM d\u2019Alginet valorar\u00e0 les candidatures tant en el vessant art\u00edstic com en la capacitat i solv\u00e8ncia per a cohesionar i il\u00b7lusionar al col\u00b7lectiu, de treballar en equip amb la resta de professionals (directors art\u00edstics, director de l&#8217;escola de m\u00fasica, director del centre de m\u00fasica autoritzat\u2026) que conformen l&#8217;entitat, aix\u00ed com amb els responsables de la societat musical. En paral\u00b7lel, s&#8217;actuar\u00e0 amb rapidesa i efic\u00e0cia i es gestionar\u00e0 amb urg\u00e8ncia la interinitat, els compromisos adquirits de la Banda Simf\u00f2nica i el seu normal funcionament.<br\/>En aquest protocol d&#8217;actuaci\u00f3, la junta directiva avaluar\u00e0 les opcions i la persona seleccionada ser\u00e0 presentada als m\u00fasics de la Banda Simf\u00f2nica que seran consultats perqu\u00e8 expressen la seua opini\u00f3 sobre la candidatura.<\/p>\n\n<figure class=\"wp-block-image\"><img decoding=\"async\" src=\"https:\/\/fsmcv.org\/wp-content\/uploads\/2022\/04\/SAM-Alginet.-Banda-Simfonica-03-1024x429.jpeg\" alt=\"La imagen tiene un atributo ALT vac&#xED;o; su nombre de archivo es SAM-Alginet.-Banda-Simfonica-03-1024x429.jpeg\" title=\"\"><figcaption>La Banda Simf\u00f2nica de la Societat Art\u00edstica Musical d\u2019Alginet, dirigida per Carlos Aguado, en concierto.<\/figcaption><\/figure>","protected":false},"excerpt":{"rendered":"<p>La junta directiva ha assegurat que \u201crespecta la decisi\u00f3 del mestre\u201d, li desitja \u201cel millor per al seu futur art\u00edstic\u201d, i li agraeix els \u201cvaluosos serveis prestats\u201d a la societat musical des de 2016.La SAM d\u2019Alginet valorar\u00e0 les candidatures tant en el vessant art\u00edstic com en la capacitat per a cohesionar i il\u00b7lusionar al col\u00b7lectiu [&hellip;]<\/p>\n","protected":false},"author":17,"featured_media":56839,"comment_status":"open","ping_status":"closed","sticky":false,"template":"","format":"standard","meta":{"footnotes":""},"categories":[304],"tags":[],"class_list":["post-56845","post","type-post","status-publish","format-standard","has-post-thumbnail","hentry","category-altres"],"_links":{"self":[{"href":"https:\/\/fsmcv.org\/vl\/wp-json\/wp\/v2\/posts\/56845","targetHints":{"allow":["GET"]}}],"collection":[{"href":"https:\/\/fsmcv.org\/vl\/wp-json\/wp\/v2\/posts"}],"about":[{"href":"https:\/\/fsmcv.org\/vl\/wp-json\/wp\/v2\/types\/post"}],"author":[{"embeddable":true,"href":"https:\/\/fsmcv.org\/vl\/wp-json\/wp\/v2\/users\/17"}],"replies":[{"embeddable":true,"href":"https:\/\/fsmcv.org\/vl\/wp-json\/wp\/v2\/comments?post=56845"}],"version-history":[{"count":0,"href":"https:\/\/fsmcv.org\/vl\/wp-json\/wp\/v2\/posts\/56845\/revisions"}],"wp:featuredmedia":[{"embeddable":true,"href":"https:\/\/fsmcv.org\/vl\/wp-json\/wp\/v2\/media\/56839"}],"wp:attachment":[{"href":"https:\/\/fsmcv.org\/vl\/wp-json\/wp\/v2\/media?parent=56845"}],"wp:term":[{"taxonomy":"category","embeddable":true,"href":"https:\/\/fsmcv.org\/vl\/wp-json\/wp\/v2\/categories?post=56845"},{"taxonomy":"post_tag","embeddable":true,"href":"https:\/\/fsmcv.org\/vl\/wp-json\/wp\/v2\/tags?post=56845"}],"curies":[{"name":"wp","href":"https:\/\/api.w.org\/{rel}","templated":true}]}}