{"id":57135,"date":"2022-05-17T16:57:28","date_gmt":"2022-05-17T14:57:28","guid":{"rendered":"https:\/\/fsmcv.org\/certamens\/albalat-dels-sorells-viura-el-seu-primer-concurs-de-composicio-musical-amb-premis-de-fins-2000-euros\/"},"modified":"2022-05-17T17:27:49","modified_gmt":"2022-05-17T15:27:49","slug":"albalat-dels-sorells-viura-el-seu-primer-concurs-de-composicio-musical-amb-premis-de-fins-2000-euros","status":"publish","type":"post","link":"https:\/\/fsmcv.org\/vl\/societats-musicals\/albalat-dels-sorells-viura-el-seu-primer-concurs-de-composicio-musical-amb-premis-de-fins-2000-euros\/","title":{"rendered":"Albalat dels Sorells viur\u00e0 el seu primer concurs de composici\u00f3 musical amb premis de fins 2000 euros"},"content":{"rendered":"\n<p>L&#8217;Ajuntament d&#8217;Albalat dels Sorells ha creat <strong>el primer &#8220;Concurs de Composici\u00f3 musical Vila d&#8217;Albalat dels Sorells&#8221;.<\/strong><\/p>\n\n<p>El projecte ha sigut elaborat amb la col\u00b7laboraci\u00f3 de la Uni\u00f3 Musical d&#8217;Albalat dels Sorells i t\u00e9 com a objectiu <strong>estimular i promoure la creaci\u00f3 de noves peces musicals<\/strong> a fi d&#8217;ampliar el repertori band\u00edstic amb refer\u00e8ncies a Albalat dels Sorells.<\/p>\n\n<p>D&#8217;aquesta manera, l&#8217;Ajuntament es compromet a organitzar i difondre per tots els mitjans al seu abast, la celebraci\u00f3 del concurs i ha donar difusi\u00f3 a les obres premiades. De la mateixa forma que, mitjan\u00e7ant l&#8217;acord de col\u00b7laboraci\u00f3 amb la banda, s&#8217;inclour\u00e0 la pe\u00e7a guanyadora del primer premi, <strong>en el repertori habitual de la Uni\u00f3 Musical d&#8217;Albalat dels Sorells.<\/strong><\/p>\n\n<p>L&#8217;altre dels motius que esgrimeixen desde l&#8217;Ajuntament a patrocinar el concurs est\u00e0 relacionat directament amb la <strong>promoci\u00f3 i cura del patrimoni cultural i hist\u00f2ric del municipi.<\/strong>.<\/p>\n\n<p>Per a la regidora de Cultura, <strong>Marisa Gimeno<\/strong>, &#8220;volem aprofitar l&#8217;ocasi\u00f3 per a donar rellev\u00e0ncia a llocs, persones o qualsevol altre s\u00edmbol representatiu del nostre poble&#8221;, per aix\u00f2, i segons marquen les bases del concurs, continua la regidora, &#8220;la pe\u00e7a guanyadora del 1r premi portar\u00e0 un t\u00edtol relacionat amb Albalat dels Sorells&#8221;.<\/p>\n\n<p>Pel que fa als participants, aquests podran presentar totes les composicions in\u00e8dites que<br\/>desitgen, abans del 15 de juliol, les quals estan dotades <strong>amb un primer premi de 2000 \u20ac; un segon de 1000 \u20ac; i un tercer de 500 \u20ac<\/strong>; a m\u00e9s d&#8217;altres premis corresponents a diplomes acreditatius i menci\u00f3 especial.<\/p>\n\n<p>Finalment, per a l&#8217;alcalde d&#8217;Albalat, <strong>Nicolau Claramunt,<\/strong> &#8220;la creaci\u00f3 del I Concurs de Composici\u00f3 musical Vila d&#8217;Albalat dels Sorells 2022, situa al nostre municipi en el lloc<br\/>que li pertoca en l&#8217;\u00e0mbit musical; recon\u00e9ixer i potenciar la llavor cultural que fa la Uni\u00f3 Musical d&#8217;Albalat i recolzar els m\u00fasics \u00e9s una obligaci\u00f3 del nostre Ajuntament amb una part tan important de la nostra cultura i identitat&#8221;.<\/p>\n\n<div data-wp-interactive=\"core\/file\" class=\"wp-block-file\"><object data-wp-bind--hidden=\"!state.hasPdfPreview\" hidden class=\"wp-block-file__embed\" data=\"https:\/\/fsmcv.org\/wp-content\/uploads\/2022\/05\/BASES_CONCURS_COMPOSICIO_MUSICAL_VILA_ALBALAT_DELS_SORELLS_2022.pdf\" type=\"application\/pdf\" style=\"width:100%;height:600px\" aria-label=\"Embed of Incrustado de BASES_CONCURS_COMPOSICIO_MUSICAL_VILA_ALBALAT_DELS_SORELLS_2022..\"><\/object><a id=\"wp-block-file--media-53bfc517-254a-4901-a172-de5a921a4434\" href=\"https:\/\/fsmcv.org\/wp-content\/uploads\/2022\/05\/BASES_CONCURS_COMPOSICIO_MUSICAL_VILA_ALBALAT_DELS_SORELLS_2022.pdf\">BASES_CONCURS_COMPOSICIO_MUSICAL_VILA_ALBALAT_DELS_SORELLS_2022<\/a><a href=\"https:\/\/fsmcv.org\/wp-content\/uploads\/2022\/05\/BASES_CONCURS_COMPOSICIO_MUSICAL_VILA_ALBALAT_DELS_SORELLS_2022.pdf\" class=\"wp-block-file__button\" download=\"\" aria-describedby=\"wp-block-file--media-53bfc517-254a-4901-a172-de5a921a4434\">Desc\u00e0rrega<\/a><\/div>\n","protected":false},"excerpt":{"rendered":"<p>L&#8217;Ajuntament d&#8217;Albalat dels Sorells ha creat el primer &#8220;Concurs de Composici\u00f3 musical Vila d&#8217;Albalat dels Sorells&#8221;. El projecte ha sigut elaborat amb la col\u00b7laboraci\u00f3 de la Uni\u00f3 Musical d&#8217;Albalat dels Sorells i t\u00e9 com a objectiu estimular i promoure la creaci\u00f3 de noves peces musicals a fi d&#8217;ampliar el repertori band\u00edstic amb refer\u00e8ncies a Albalat [&hellip;]<\/p>\n","protected":false},"author":17,"featured_media":57131,"comment_status":"open","ping_status":"closed","sticky":false,"template":"","format":"standard","meta":{"footnotes":""},"categories":[56],"tags":[],"class_list":["post-57135","post","type-post","status-publish","format-standard","has-post-thumbnail","hentry","category-societats-musicals"],"_links":{"self":[{"href":"https:\/\/fsmcv.org\/vl\/wp-json\/wp\/v2\/posts\/57135","targetHints":{"allow":["GET"]}}],"collection":[{"href":"https:\/\/fsmcv.org\/vl\/wp-json\/wp\/v2\/posts"}],"about":[{"href":"https:\/\/fsmcv.org\/vl\/wp-json\/wp\/v2\/types\/post"}],"author":[{"embeddable":true,"href":"https:\/\/fsmcv.org\/vl\/wp-json\/wp\/v2\/users\/17"}],"replies":[{"embeddable":true,"href":"https:\/\/fsmcv.org\/vl\/wp-json\/wp\/v2\/comments?post=57135"}],"version-history":[{"count":0,"href":"https:\/\/fsmcv.org\/vl\/wp-json\/wp\/v2\/posts\/57135\/revisions"}],"wp:featuredmedia":[{"embeddable":true,"href":"https:\/\/fsmcv.org\/vl\/wp-json\/wp\/v2\/media\/57131"}],"wp:attachment":[{"href":"https:\/\/fsmcv.org\/vl\/wp-json\/wp\/v2\/media?parent=57135"}],"wp:term":[{"taxonomy":"category","embeddable":true,"href":"https:\/\/fsmcv.org\/vl\/wp-json\/wp\/v2\/categories?post=57135"},{"taxonomy":"post_tag","embeddable":true,"href":"https:\/\/fsmcv.org\/vl\/wp-json\/wp\/v2\/tags?post=57135"}],"curies":[{"name":"wp","href":"https:\/\/api.w.org\/{rel}","templated":true}]}}