{"id":57670,"date":"2022-06-28T10:15:27","date_gmt":"2022-06-28T08:15:27","guid":{"rendered":"https:\/\/fsmcv.org\/?p=57670"},"modified":"2022-06-28T10:15:30","modified_gmt":"2022-06-28T08:15:30","slug":"xvi-bienal-de-musica-de-bunol","status":"publish","type":"post","link":"https:\/\/fsmcv.org\/vl\/societats-musicals\/xvi-bienal-de-musica-de-bunol\/","title":{"rendered":"XVI BIENAL DE M\u00daSICA DE BU\u00d1OL"},"content":{"rendered":"\n<p>El ayuntamiento de Bu\u00f1ol ha puesto en marcha una iniciativa musical para animar e impulsar a los estudiantes de instrumentos de cuerda a trav\u00e9s de nuevas metodolog\u00edas y did\u00e1cticas innovadoras como la metodolog\u00eda Suzuki o Willems\u2026 . Por medio de ellas, el alumnado adquiere una formaci\u00f3n complementaria potenciando la concentraci\u00f3n, la memoria, el trabajo en grupo en la misma especialidad utilizando el juego como estrategia metodol\u00f3gica.<\/p>\n\n\n\n<p>El curso se celebra del 13 al 17 de julio en el marco de la XVI Bienal de M\u00fasica de Bu\u00f1ol, con la denominaci\u00f3n de ComBienal al ser tratarse de una combinaci\u00f3n entre la metodolog\u00eda tradicional y la metodolog\u00eda Suzuki.<\/p>\n\n\n\n<p>El desarrollo del curso se va a concretar en clases individuales, clases colectivas, educaci\u00f3n auditiva, improvisaci\u00f3n y orquesta dependiendo del nivel del alumnado.<\/p>\n\n\n\n<p>El primer d\u00eda del curso, 13 de julio, se celebrar\u00e1 un d\u00eda de convivencia en el que podr\u00e1n asistir todos los alumnos de todos los niveles que quieran pasar el d\u00eda con los alumnos y profesores del curso gratuitamente. Este d\u00eda se dividir\u00e1 en clases de grupo, piscina, comida, ensayos generales y audici\u00f3n final en el Auditorio de San Luis.<\/p>\n\n\n\n<p>El equipo docente del curso est\u00e1 compuesto por profesores de amplia trayectoria profesional en las especialidades de jazz, improvisaci\u00f3n, viol\u00edn barroco, cello moderno, adem\u00e1s de nuevas metodolog\u00edas como Suzuki, Rolland o Willems.<\/p>\n\n\n\n<p>Por todo ello, desde el Ayuntamiento de Bu\u00f1ol animamos a las directivas de las sociedades musicales a fomentar la difusi\u00f3n de este interesante curso entre el profesorado y alumnado de sus entidades.<\/p>\n\n\n\n<p>Enlace Bienal de M\u00fasica <a href=\"http:\/\/www.bienalmusica.bu\u00f1ol.es\" data-type=\"URL\" data-id=\"www.bienalmusica.bu\u00f1ol.es\" target=\"_blank\" rel=\"noreferrer noopener\">www.bienalmusica.bu\u00f1ol.es<\/a><\/p>\n","protected":false},"excerpt":{"rendered":"<p>El ayuntamiento de Bu\u00f1ol ha puesto en marcha una iniciativa musical para animar e impulsar a los estudiantes de instrumentos de cuerda a trav\u00e9s de nuevas metodolog\u00edas y did\u00e1cticas innovadoras como la metodolog\u00eda Suzuki o Willems\u2026 . Por medio de ellas, el alumnado adquiere una formaci\u00f3n complementaria potenciando la concentraci\u00f3n, la memoria, el trabajo en [&hellip;]<\/p>\n","protected":false},"author":17,"featured_media":57671,"comment_status":"open","ping_status":"closed","sticky":false,"template":"","format":"standard","meta":{"footnotes":""},"categories":[56],"tags":[],"class_list":["post-57670","post","type-post","status-publish","format-standard","has-post-thumbnail","hentry","category-societats-musicals"],"_links":{"self":[{"href":"https:\/\/fsmcv.org\/vl\/wp-json\/wp\/v2\/posts\/57670","targetHints":{"allow":["GET"]}}],"collection":[{"href":"https:\/\/fsmcv.org\/vl\/wp-json\/wp\/v2\/posts"}],"about":[{"href":"https:\/\/fsmcv.org\/vl\/wp-json\/wp\/v2\/types\/post"}],"author":[{"embeddable":true,"href":"https:\/\/fsmcv.org\/vl\/wp-json\/wp\/v2\/users\/17"}],"replies":[{"embeddable":true,"href":"https:\/\/fsmcv.org\/vl\/wp-json\/wp\/v2\/comments?post=57670"}],"version-history":[{"count":0,"href":"https:\/\/fsmcv.org\/vl\/wp-json\/wp\/v2\/posts\/57670\/revisions"}],"wp:featuredmedia":[{"embeddable":true,"href":"https:\/\/fsmcv.org\/vl\/wp-json\/wp\/v2\/media\/57671"}],"wp:attachment":[{"href":"https:\/\/fsmcv.org\/vl\/wp-json\/wp\/v2\/media?parent=57670"}],"wp:term":[{"taxonomy":"category","embeddable":true,"href":"https:\/\/fsmcv.org\/vl\/wp-json\/wp\/v2\/categories?post=57670"},{"taxonomy":"post_tag","embeddable":true,"href":"https:\/\/fsmcv.org\/vl\/wp-json\/wp\/v2\/tags?post=57670"}],"curies":[{"name":"wp","href":"https:\/\/api.w.org\/{rel}","templated":true}]}}