{"id":57700,"date":"2022-06-28T18:10:39","date_gmt":"2022-06-28T16:10:39","guid":{"rendered":"https:\/\/fsmcv.org\/certamens\/i-concurs-de-composicio\/"},"modified":"2022-06-29T13:51:36","modified_gmt":"2022-06-29T11:51:36","slug":"i-concurs-de-composicio","status":"publish","type":"post","link":"https:\/\/fsmcv.org\/vl\/societats-musicals\/i-concurs-de-composicio\/","title":{"rendered":"I CONCURS DE COMPOSICI\u00d3 \u201cEmili Gim\u00e9nez Bou\u201d de la Societat Ateneu Musical de Cullera"},"content":{"rendered":"\n<p>Aquest concurs t\u00e9 com a director fundador art\u00edstic a Ferrer Ferran.<br\/>La Societat Ateneo Musical de Cullera, crea aquest concurs, amb la intenci\u00f3 de donar valor a la creaci\u00f3 i composici\u00f3 per a banda i orquestra, vol promocionar als compositors de tot el m\u00f3n motivant-los a la creaci\u00f3 d&#8217;obres simf\u00f2niques i donant aix\u00ed llibertat en el plantejament est\u00e8tic creatiu. L&#8217;objectiu d&#8217;aquest concurs \u00e9s ampliar i donar a con\u00e9ixer el repertori simf\u00f2nic original per a banda simf\u00f2nica, juvenil i infantil, aix\u00ed com d&#8217;orquestra juvenil, creant aix\u00ed, i utilitzant diverses plataformes digitals, per a poder escoltar i\/o visualitzar el nou repertori per a banda simf\u00f2nica.<br\/>S&#8217;han estipulat set categories: * &#8220;Obra Simf\u00f2nica. Premi Emili Gim\u00e9nez Bou&#8221; (amb dotaci\u00f3 econ\u00f2mica al guanyador), i amb un termini de presentaci\u00f3 que finalitza el 20\/juny\/2022. * &#8220;Obra Simf\u00f2nica de concert&#8221; <\/p>\n\n<p>* &#8220;Obra de Concert&#8221;<\/p>\n\n<p>* &#8220;Obra per a Banda juvenil&#8221;<\/p>\n\n<p>* &#8220;Obra per a Banda limitada o Infantil&#8221;<\/p>\n\n<p>* &#8220;Obra per a Orquestra Juvenil&#8221;<\/p>\n\n<p>* &#8220;Obra per a Solista i Banda&#8221;<br\/>Les obres premiades amb Menci\u00f3 d&#8217;Honor, en cadascuna d&#8217;aquestes sis categories, seran estrenades per les respectives agrupacions de l&#8217;entitat. I el termini m\u00e0xim de presentaci\u00f3 de les obres ser\u00e0 el 15\/setembre\/2022.<br\/>La valoraci\u00f3 de les obres per part dels membres del jurat, es dur\u00e0 a terme a l&#8217;octubre de 2022. Totes les Bases estan disponibles en la p\u00e0gina web de la Societat <a href=\"http:\/\/www.ateneumusical.com\" target=\"_blank\" rel=\"noreferrer noopener\">(www.ateneumusical.com)<\/a><\/p>\n","protected":false},"excerpt":{"rendered":"<p>Aquest concurs t\u00e9 com a director fundador art\u00edstic a Ferrer Ferran.La Societat Ateneo Musical de Cullera, crea aquest concurs, amb la intenci\u00f3 de donar valor a la creaci\u00f3 i composici\u00f3 per a banda i orquestra, vol promocionar als compositors de tot el m\u00f3n motivant-los a la creaci\u00f3 d&#8217;obres simf\u00f2niques i donant aix\u00ed llibertat en el [&hellip;]<\/p>\n","protected":false},"author":17,"featured_media":57711,"comment_status":"open","ping_status":"closed","sticky":false,"template":"","format":"standard","meta":{"footnotes":""},"categories":[56],"tags":[],"class_list":["post-57700","post","type-post","status-publish","format-standard","has-post-thumbnail","hentry","category-societats-musicals"],"_links":{"self":[{"href":"https:\/\/fsmcv.org\/vl\/wp-json\/wp\/v2\/posts\/57700","targetHints":{"allow":["GET"]}}],"collection":[{"href":"https:\/\/fsmcv.org\/vl\/wp-json\/wp\/v2\/posts"}],"about":[{"href":"https:\/\/fsmcv.org\/vl\/wp-json\/wp\/v2\/types\/post"}],"author":[{"embeddable":true,"href":"https:\/\/fsmcv.org\/vl\/wp-json\/wp\/v2\/users\/17"}],"replies":[{"embeddable":true,"href":"https:\/\/fsmcv.org\/vl\/wp-json\/wp\/v2\/comments?post=57700"}],"version-history":[{"count":0,"href":"https:\/\/fsmcv.org\/vl\/wp-json\/wp\/v2\/posts\/57700\/revisions"}],"wp:featuredmedia":[{"embeddable":true,"href":"https:\/\/fsmcv.org\/vl\/wp-json\/wp\/v2\/media\/57711"}],"wp:attachment":[{"href":"https:\/\/fsmcv.org\/vl\/wp-json\/wp\/v2\/media?parent=57700"}],"wp:term":[{"taxonomy":"category","embeddable":true,"href":"https:\/\/fsmcv.org\/vl\/wp-json\/wp\/v2\/categories?post=57700"},{"taxonomy":"post_tag","embeddable":true,"href":"https:\/\/fsmcv.org\/vl\/wp-json\/wp\/v2\/tags?post=57700"}],"curies":[{"name":"wp","href":"https:\/\/api.w.org\/{rel}","templated":true}]}}