{"id":57821,"date":"2022-07-07T18:45:55","date_gmt":"2022-07-07T16:45:55","guid":{"rendered":"https:\/\/fsmcv.org\/certamens\/i-concurs-composicio-emili-gimenez-bou-ateneo-musical-de-cullera\/"},"modified":"2022-07-07T18:56:25","modified_gmt":"2022-07-07T16:56:25","slug":"i-concurs-composicio-emili-gimenez-bou-ateneo-musical-de-cullera","status":"publish","type":"post","link":"https:\/\/fsmcv.org\/vl\/certamens\/i-concurs-composicio-emili-gimenez-bou-ateneo-musical-de-cullera\/","title":{"rendered":"I CONCURS COMPOSICI\u00d3 &#8220;EMILI GIM\u00c9NEZ BOU&#8221; ATENEO MUSICAL DE CULLERA"},"content":{"rendered":"\n<p>El passat 1 de juliol es va reunir en el sal\u00f3 de reunions de l&#8217;Ateneu Musical de Cullera el tribunal de l&#8217;I CONCURS COMPOSICI\u00d3 &#8220;EMILI GIM\u00c9NEZ BOU&#8221; ATENEU MUSICAL DE CULLERA per a atorgar el premi en la categoria &#8216;Obra Simf\u00f2nica per a Banda&#8217; i despr\u00e9s de la valoraci\u00f3 dels projectes presentats amb els seus curr\u00edculum i cat\u00e0legs de tots els concursants inscrits, va decidir concedir el premi en esta categoria al compositor JUAN BAUTISTA MESEGUER LLOPIS pel seu projecte titulat <strong>TRAUMATIC SYMPHONY<\/strong>. <\/p>\n\n<p>El tribunal vol fer un menci\u00f3 especial a tots els compositors, tant nacionals com internacionals presentats, pels seus excel\u00b7lents projectes i biografies. Amb este gran projecte, l&#8217;entitat busca augmentar el repertori de m\u00fasica per a banda, i recon\u00e9ixer el treball dels compositors.<\/p>\n\n<figure class=\"wp-block-image size-full\"><img fetchpriority=\"high\" decoding=\"async\" width=\"643\" height=\"777\" src=\"https:\/\/fsmcv.org\/wp-content\/uploads\/2022\/07\/IMG-20220707-WA0009.jpg\" alt=\"\" class=\"wp-image-57819\" title=\"\" srcset=\"https:\/\/fsmcv.org\/wp-content\/uploads\/2022\/07\/IMG-20220707-WA0009.jpg 643w, https:\/\/fsmcv.org\/wp-content\/uploads\/2022\/07\/IMG-20220707-WA0009-600x725.jpg 600w\" sizes=\"(max-width: 643px) 100vw, 643px\" \/><figcaption>JUAN BAUTISTA MESEGUER LLOPIS<\/figcaption><\/figure>","protected":false},"excerpt":{"rendered":"<p>El passat 1 de juliol es va reunir en el sal\u00f3 de reunions de l&#8217;Ateneu Musical de Cullera el tribunal de l&#8217;I CONCURS COMPOSICI\u00d3 &#8220;EMILI GIM\u00c9NEZ BOU&#8221; ATENEU MUSICAL DE CULLERA per a atorgar el premi en la categoria &#8216;Obra Simf\u00f2nica per a Banda&#8217; i despr\u00e9s de la valoraci\u00f3 dels projectes presentats amb els seus [&hellip;]<\/p>\n","protected":false},"author":9,"featured_media":57817,"comment_status":"open","ping_status":"closed","sticky":false,"template":"","format":"standard","meta":{"footnotes":""},"categories":[234],"tags":[],"class_list":["post-57821","post","type-post","status-publish","format-standard","has-post-thumbnail","hentry","category-certamens"],"_links":{"self":[{"href":"https:\/\/fsmcv.org\/vl\/wp-json\/wp\/v2\/posts\/57821","targetHints":{"allow":["GET"]}}],"collection":[{"href":"https:\/\/fsmcv.org\/vl\/wp-json\/wp\/v2\/posts"}],"about":[{"href":"https:\/\/fsmcv.org\/vl\/wp-json\/wp\/v2\/types\/post"}],"author":[{"embeddable":true,"href":"https:\/\/fsmcv.org\/vl\/wp-json\/wp\/v2\/users\/9"}],"replies":[{"embeddable":true,"href":"https:\/\/fsmcv.org\/vl\/wp-json\/wp\/v2\/comments?post=57821"}],"version-history":[{"count":0,"href":"https:\/\/fsmcv.org\/vl\/wp-json\/wp\/v2\/posts\/57821\/revisions"}],"wp:featuredmedia":[{"embeddable":true,"href":"https:\/\/fsmcv.org\/vl\/wp-json\/wp\/v2\/media\/57817"}],"wp:attachment":[{"href":"https:\/\/fsmcv.org\/vl\/wp-json\/wp\/v2\/media?parent=57821"}],"wp:term":[{"taxonomy":"category","embeddable":true,"href":"https:\/\/fsmcv.org\/vl\/wp-json\/wp\/v2\/categories?post=57821"},{"taxonomy":"post_tag","embeddable":true,"href":"https:\/\/fsmcv.org\/vl\/wp-json\/wp\/v2\/tags?post=57821"}],"curies":[{"name":"wp","href":"https:\/\/api.w.org\/{rel}","templated":true}]}}