{"id":57865,"date":"2022-07-12T08:29:00","date_gmt":"2022-07-12T06:29:00","guid":{"rendered":"https:\/\/fsmcv.org\/certamens\/resolucio-de-la-campanya-valencia-es-musica\/"},"modified":"2022-07-12T09:29:28","modified_gmt":"2022-07-12T07:29:28","slug":"resolucio-de-la-campanya-valencia-es-musica","status":"publish","type":"post","link":"https:\/\/fsmcv.org\/vl\/convocatories-publiques\/resolucio-de-la-campanya-valencia-es-musica\/","title":{"rendered":"Resoluci\u00f3 de la campanya &#8220;Val\u00e8ncia \u00e9s m\u00fasica&#8221;"},"content":{"rendered":"\n<p>La Junta de Govern de la Diputaci\u00f3 de Val\u00e8ncia, en sessi\u00f3 celebrada el 21 de juny de 2022, va aprovar l&#8217;Acord de resoluci\u00f3 de la convocat\u00f2ria Val\u00e8ncia \u00e9s M\u00fasica &#8211; activitat d&#8217;agrupacions musicals 2022, el termini de justificaci\u00f3 del qual finalitzar\u00e0 el dia 2 de novembre de 2022 i Val\u00e8ncia \u00e9s M\u00fasica &#8211; Projectes de m\u00fasica cl\u00e0ssica d&#8217;orquestra, de cambra i de piano 2022, el termini de justificaci\u00f3 del qual finalitzar\u00e0 el dia 5 de novembre de 2022<\/p>\n\n<p>Adjuntem documentaci\u00f3: <a href=\"https:\/\/bop.dival.es\/bop\/drvisapi.dll?LO=00000001a6b7c8d9000000050000003b00000cfa4350da9f000000000001000000000000000000000000000000000000000000000000000000000000000000000000000000000000&amp;type=application\/pdf\" target=\"_blank\" rel=\"noreferrer noopener\">Resoluci\u00f3 agrupacions musicals<\/a><\/p>\n\n<p><a href=\"https:\/\/bop.dival.es\/bop\/drvisapi.dll?LO=00000001a6b7c8d9000000050000003b00000cfb4350daa0000000000001000000000000000000000000000000000000000000000000000000000000000000000000000000000000&amp;type=application\/pdf\" target=\"_blank\" rel=\"noreferrer noopener\">Resoluci\u00f3 m\u00fasica cl\u00e0ssica<\/a><\/p>\n","protected":false},"excerpt":{"rendered":"<p>La Junta de Govern de la Diputaci\u00f3 de Val\u00e8ncia, en sessi\u00f3 celebrada el 21 de juny de 2022, va aprovar l&#8217;Acord de resoluci\u00f3 de la convocat\u00f2ria Val\u00e8ncia \u00e9s M\u00fasica &#8211; activitat d&#8217;agrupacions musicals 2022, el termini de justificaci\u00f3 del qual finalitzar\u00e0 el dia 2 de novembre de 2022 i Val\u00e8ncia \u00e9s M\u00fasica &#8211; Projectes de [&hellip;]<\/p>\n","protected":false},"author":17,"featured_media":46310,"comment_status":"open","ping_status":"closed","sticky":false,"template":"","format":"standard","meta":{"footnotes":""},"categories":[45],"tags":[],"class_list":["post-57865","post","type-post","status-publish","format-standard","has-post-thumbnail","hentry","category-convocatories-publiques"],"_links":{"self":[{"href":"https:\/\/fsmcv.org\/vl\/wp-json\/wp\/v2\/posts\/57865","targetHints":{"allow":["GET"]}}],"collection":[{"href":"https:\/\/fsmcv.org\/vl\/wp-json\/wp\/v2\/posts"}],"about":[{"href":"https:\/\/fsmcv.org\/vl\/wp-json\/wp\/v2\/types\/post"}],"author":[{"embeddable":true,"href":"https:\/\/fsmcv.org\/vl\/wp-json\/wp\/v2\/users\/17"}],"replies":[{"embeddable":true,"href":"https:\/\/fsmcv.org\/vl\/wp-json\/wp\/v2\/comments?post=57865"}],"version-history":[{"count":0,"href":"https:\/\/fsmcv.org\/vl\/wp-json\/wp\/v2\/posts\/57865\/revisions"}],"wp:featuredmedia":[{"embeddable":true,"href":"https:\/\/fsmcv.org\/vl\/wp-json\/wp\/v2\/media\/46310"}],"wp:attachment":[{"href":"https:\/\/fsmcv.org\/vl\/wp-json\/wp\/v2\/media?parent=57865"}],"wp:term":[{"taxonomy":"category","embeddable":true,"href":"https:\/\/fsmcv.org\/vl\/wp-json\/wp\/v2\/categories?post=57865"},{"taxonomy":"post_tag","embeddable":true,"href":"https:\/\/fsmcv.org\/vl\/wp-json\/wp\/v2\/tags?post=57865"}],"curies":[{"name":"wp","href":"https:\/\/api.w.org\/{rel}","templated":true}]}}