{"id":5788,"date":"2017-09-04T13:06:05","date_gmt":"2017-09-04T11:06:05","guid":{"rendered":"https:\/\/fsmcv.org\/?post_type=fsmcv-noticias&#038;p=5788"},"modified":"2021-04-06T10:01:50","modified_gmt":"2021-04-06T08:01:50","slug":"la-banda-de-musica-de-tuejar-al-palau-de-la-musica-de-valencia","status":"publish","type":"post","link":"https:\/\/fsmcv.org\/vl\/societats-musicals\/la-banda-de-musica-de-tuejar-al-palau-de-la-musica-de-valencia\/","title":{"rendered":"La Banda de M\u00fasica de Tu\u00e9jar al Palau de la M\u00fasica de Val\u00e8ncia"},"content":{"rendered":"<p>El pr\u00f2xim 9 de setembre la Sala Rodrigo del Palau de la M\u00fasica de Val\u00e8ncia rep a la Banda de M\u00fasica de Tu\u00e9jar a les 19:30.<\/p>\n<p>La banda actuar\u00e0 sota la batuta d&#8217;Aar\u00f3n Crist\u00f3fol Rubio i interpretaran el seg\u00fcent programa:<\/p>\n<p>&nbsp;<\/p>\n<div style=\"text-align: center;\"><strong>1a part<\/strong><br \/>\nLas Arenas (Manuel Morales)<br \/>\nSinfon\u00eda Nobilissima (Robert E. Jager)<br \/>\nTaj Mahal (Hugo Chinesta)<\/div>\n<div style=\"text-align: center;\"><strong>2a part<\/strong><br \/>\nDanzas Fant\u00e1sticas. III Org\u00eda (Joaqu\u00edn Turina)<br \/>\nEarthdance (Michael Sweeney)<br \/>\nPilatus. Mountain of Dragons (Steve Reineke)<br \/>\nConga del Fuego Nuevo (Arturo M\u00e1rquez)<br \/>\nPasodoble Tu\u00e9jar (Juan Antonio Mart\u00ednez Yago)<\/div>\n<div><\/div>\n<div style=\"text-align: center;\">\n<p>&nbsp;<\/p>\n<div style=\"width: 640px;\" class=\"wp-video\"><video class=\"wp-video-shortcode\" id=\"video-5788-1\" width=\"640\" height=\"360\" preload=\"metadata\" controls=\"controls\"><source type=\"video\/mp4\" src=\"https:\/\/fsmcv.org\/BTnet-storage\/wp-uploads\/2017\/09\/VID-20170831-WA0029.mp4?_=1\" \/><a href=\"https:\/\/fsmcv.org\/BTnet-storage\/wp-uploads\/2017\/09\/VID-20170831-WA0029.mp4\">https:\/\/fsmcv.org\/BTnet-storage\/wp-uploads\/2017\/09\/VID-20170831-WA0029.mp4<\/a><\/video><\/div>\n<\/div>\n","protected":false},"excerpt":{"rendered":"<p>El pr\u00f2xim 9 de setembre la Sala Rodrigo del Palau de la M\u00fasica de Val\u00e8ncia rep a la Banda de M\u00fasica de Tu\u00e9jar a les 19:30.<\/p>\n","protected":false},"author":2,"featured_media":0,"comment_status":"closed","ping_status":"closed","sticky":false,"template":"","format":"standard","meta":{"footnotes":""},"categories":[56],"tags":[],"class_list":["post-5788","post","type-post","status-publish","format-standard","hentry","category-societats-musicals"],"_links":{"self":[{"href":"https:\/\/fsmcv.org\/vl\/wp-json\/wp\/v2\/posts\/5788","targetHints":{"allow":["GET"]}}],"collection":[{"href":"https:\/\/fsmcv.org\/vl\/wp-json\/wp\/v2\/posts"}],"about":[{"href":"https:\/\/fsmcv.org\/vl\/wp-json\/wp\/v2\/types\/post"}],"author":[{"embeddable":true,"href":"https:\/\/fsmcv.org\/vl\/wp-json\/wp\/v2\/users\/2"}],"replies":[{"embeddable":true,"href":"https:\/\/fsmcv.org\/vl\/wp-json\/wp\/v2\/comments?post=5788"}],"version-history":[{"count":0,"href":"https:\/\/fsmcv.org\/vl\/wp-json\/wp\/v2\/posts\/5788\/revisions"}],"wp:attachment":[{"href":"https:\/\/fsmcv.org\/vl\/wp-json\/wp\/v2\/media?parent=5788"}],"wp:term":[{"taxonomy":"category","embeddable":true,"href":"https:\/\/fsmcv.org\/vl\/wp-json\/wp\/v2\/categories?post=5788"},{"taxonomy":"post_tag","embeddable":true,"href":"https:\/\/fsmcv.org\/vl\/wp-json\/wp\/v2\/tags?post=5788"}],"curies":[{"name":"wp","href":"https:\/\/api.w.org\/{rel}","templated":true}]}}