{"id":57900,"date":"2022-07-14T15:00:12","date_gmt":"2022-07-14T13:00:12","guid":{"rendered":"https:\/\/fsmcv.org\/certamens\/arranca-la-134-edicio-del-certamen-internacional-de-bandes-de-musica-ciutat-de-valencia\/"},"modified":"2022-07-15T10:39:23","modified_gmt":"2022-07-15T08:39:23","slug":"arranca-la-134-edicio-del-certamen-internacional-de-bandes-de-musica-ciutat-de-valencia","status":"publish","type":"post","link":"https:\/\/fsmcv.org\/vl\/certamens\/arranca-la-134-edicio-del-certamen-internacional-de-bandes-de-musica-ciutat-de-valencia\/","title":{"rendered":"Arranca la 134 edici\u00f3 del Certamen Internacional de Bandes de M\u00fasica Ciutat de Val\u00e8ncia"},"content":{"rendered":"\n<p>La 134 edici\u00f3 del Certamen Internacional de Bandes de M\u00fasica \u201cCiutat de Val\u00e8ncia\u201d arranca hui en el Palau de les Arts de Val\u00e8ncia, on es donaran cita fins diumenge que ve un total de 26 societats musicals de tot el m\u00f3n, entre les quals destaquen la Unio\u0301n Musical Santa Cecilia Castellar-Oliveral (Val\u00e8ncia), la Unio\u0301n Musical Centre Histo\u0301ric de Val\u00e8ncia (Val\u00e8ncia), la Societat Musical i Cultural Sant Blas de Teresa de Cofrentes (Val\u00e8ncia) en la Secci\u00f3 Tercera; la Unio\u0301 Musical San Jose\u0301 de Calasanz (Castello\u0301), la Societat Musical La Lira Fontiguerense de la Font de la Figuera (Val\u00e8ncia) i Ci\u0301rculo Instructiu Musical de Xirivella (Val\u00e8ncia), en la Secci\u00f3 Segona; el Centre Instructiu Musical de Mislata (Val\u00e8ncia), i la Unio\u0301 Musical de Benaguasil (Val\u00e8ncia) i Ateneu Musical i de Ense\u00f1anza Banda Primitiva de Lli\u0301ria (Val\u00e8ncia) en la Secci\u00f3 d&#8217;Honor.<\/p>\n\n<p>Les o<em>bres obligades s\u00f3n<\/em>Portaits of Spain de Teo Aparicio-Barbera\u0301n per a la seccio\u0301 tercera, <em>The Witcher <\/em>de Jordi Peiro\u0301 per a la segona, <em>De Cai<\/em> de Pascual Piqueras i <em>Bookmarks<\/em> from Japan &#8211; <em>The Great Wave *off Kanagawa \/ Hakone<\/em> de Julie Giroux, per a la primera i <em>Dionysiaques op. 62<\/em> de Florent Schmitt (Arranjaments: Feli\u0301xHauswirth), i <em>La Venda dels Gats<\/em> (Arranjaments: Sergi Pastor) del mestre Jose\u0301 Serrano per la d&#8217;Honor.<\/p>\n\n<p>Com a convidades actuara\u0301n 5 societats valencianes: l&#8217;Orquestra de Saxofons de la Comunitat Valenciana &#8211; ORSAXCOVA, la Jove Big band de Sedajazz, la Banda Simf\u00f2nica Mu\u0301sicos sense Fronteres, la Jove Banda de la Federacio\u0301n de Societats Musicals de la Comunitat Valenciana, i la Banda Simfo\u00f2nica Municipal de Val\u00e8ncia, en la d&#8217;Honor.<\/p>\n\n<p>L&#8217;horari de comen\u00e7ament de les seccions s\u00e0rria\u0301 el 14 i el 15 a partir dels 17.00 hores, mentre que el 16 s\u00e0rria\u0301 a les 11.00 i 17.30 hores, i el 17 a les 11.00 i 18.00 hores.<\/p>\n\n<p>Aquest any el jurat esta\u0301 format per les directores Isabelle Ruf-Weber, Mo\u0301nica Giardini i Juany Marti\u0301nez-de la Fal\u00e7 Casas, al costat dels compositors i directors Felix Hauswirth, Sergi Pastor i A\u0301ngel El\u0301peix Carren\u0303o.<\/p>\n\n<p>Programa complet: <\/p>\n\n<div data-wp-interactive=\"core\/file\" class=\"wp-block-file\"><object data-wp-bind--hidden=\"!state.hasPdfPreview\" hidden class=\"wp-block-file__embed\" data=\"https:\/\/fsmcv.org\/wp-content\/uploads\/2022\/07\/20220706-134-CIBM-1.pdf\" type=\"application\/pdf\" style=\"width:100%;height:600px\" aria-label=\"Embed of Incrustado de 20220706-134-CIBM-1..\"><\/object><a id=\"wp-block-file--media-4790e223-09a2-45d8-bbcf-3d435779cfd7\" href=\"https:\/\/fsmcv.org\/wp-content\/uploads\/2022\/07\/20220706-134-CIBM-1.pdf\">20220706-134-CIBM-1<\/a><a href=\"https:\/\/fsmcv.org\/wp-content\/uploads\/2022\/07\/20220706-134-CIBM-1.pdf\" class=\"wp-block-file__button\" download=\"\" aria-describedby=\"wp-block-file--media-4790e223-09a2-45d8-bbcf-3d435779cfd7\">Desc\u00e0rrega<\/a><\/div>\n\n<p>M\u00e9s info: <a href=\"https:\/\/www.valencia.es\/es\/cas\/actualidad\/-\/content\/certamen-internacional-bandas-de-m%C3%BAsica-2022\" target=\"_blank\" rel=\"noreferrer noopener\">https:\/\/www.valencia.es\/es\/cas\/actualidad\/-\/content\/certamen-internacional-bandas-de-m%C3%BAsica-2022<\/a><\/p>\n","protected":false},"excerpt":{"rendered":"<p>La 134 edici\u00f3 del Certamen Internacional de Bandes de M\u00fasica \u201cCiutat de Val\u00e8ncia\u201d arranca hui en el Palau de les Arts de Val\u00e8ncia, on es donaran cita fins diumenge que ve un total de 26 societats musicals de tot el m\u00f3n, entre les quals destaquen la Unio\u0301n Musical Santa Cecilia Castellar-Oliveral (Val\u00e8ncia), la Unio\u0301n Musical [&hellip;]<\/p>\n","protected":false},"author":17,"featured_media":57925,"comment_status":"open","ping_status":"closed","sticky":false,"template":"","format":"standard","meta":{"footnotes":""},"categories":[234],"tags":[],"class_list":["post-57900","post","type-post","status-publish","format-standard","has-post-thumbnail","hentry","category-certamens"],"_links":{"self":[{"href":"https:\/\/fsmcv.org\/vl\/wp-json\/wp\/v2\/posts\/57900","targetHints":{"allow":["GET"]}}],"collection":[{"href":"https:\/\/fsmcv.org\/vl\/wp-json\/wp\/v2\/posts"}],"about":[{"href":"https:\/\/fsmcv.org\/vl\/wp-json\/wp\/v2\/types\/post"}],"author":[{"embeddable":true,"href":"https:\/\/fsmcv.org\/vl\/wp-json\/wp\/v2\/users\/17"}],"replies":[{"embeddable":true,"href":"https:\/\/fsmcv.org\/vl\/wp-json\/wp\/v2\/comments?post=57900"}],"version-history":[{"count":0,"href":"https:\/\/fsmcv.org\/vl\/wp-json\/wp\/v2\/posts\/57900\/revisions"}],"wp:featuredmedia":[{"embeddable":true,"href":"https:\/\/fsmcv.org\/vl\/wp-json\/wp\/v2\/media\/57925"}],"wp:attachment":[{"href":"https:\/\/fsmcv.org\/vl\/wp-json\/wp\/v2\/media?parent=57900"}],"wp:term":[{"taxonomy":"category","embeddable":true,"href":"https:\/\/fsmcv.org\/vl\/wp-json\/wp\/v2\/categories?post=57900"},{"taxonomy":"post_tag","embeddable":true,"href":"https:\/\/fsmcv.org\/vl\/wp-json\/wp\/v2\/tags?post=57900"}],"curies":[{"name":"wp","href":"https:\/\/api.w.org\/{rel}","templated":true}]}}