{"id":57957,"date":"2022-07-15T12:33:22","date_gmt":"2022-07-15T10:33:22","guid":{"rendered":"https:\/\/fsmcv.org\/certamens\/lartistica-manisense-estrena-trittico-eclettico-de-johan-de-meij\/"},"modified":"2022-07-15T12:37:24","modified_gmt":"2022-07-15T10:37:24","slug":"lartistica-manisense-estrena-trittico-eclettico-de-johan-de-meij","status":"publish","type":"post","link":"https:\/\/fsmcv.org\/vl\/societats-musicals\/lartistica-manisense-estrena-trittico-eclettico-de-johan-de-meij\/","title":{"rendered":"L&#8217;Art\u00edstica Manisense estrena Trittico Eclettico, de Johan de Meij"},"content":{"rendered":"\n<p>La banda simf\u00f2nica, dirigida per <strong>Bram Sniekers<\/strong>, comptar\u00e0 amb <strong>Arno Piters<\/strong> com a clarinetista solista i amb el compositor <strong>Johan de Meij<\/strong> com a director convidat. Dissabte 23 de juliol a les 19:00 hores al Teatre de la Uni\u00f3 Musical de Ll\u00edria. Entrada lliure i gratu\u00efta.<\/p>\n\n<p><strong>El solista Arno Piters:<\/strong> \u00c9s requint a la Royal Concertgebouw Orchestra d&#8217;Amsterdam, l&#8217;orquestra simf\u00f2nica m\u00e9s coneguda i respectada dels Pa\u00efsos Baixos, i considerada com una de les deu millors orquestres del m\u00f3n. \u00c9s int\u00e8rpret convidat en formacions com la Mahler Chamber Orchestra, l\u2019Orquestra de la R\u00e0dio de Col\u00f2nia, la Filharm\u00f2nica de Rotterdam o la World Orchestra for Peace.<\/p>\n\n<figure class=\"wp-block-image size-large\"><img decoding=\"async\" src=\"https:\/\/fsmcv.org\/wp-content\/uploads\/2022\/07\/johan-1024x1024.jpg\" alt=\"\" class=\"wp-image-57953\" title=\"\"><figcaption>Arno Piters<\/figcaption><\/figure>\n<p><strong>El compositor Johan de Meij:<\/strong> T\u00e9 una destacada carrera internacional com a compositor i arranjador. El seu cat\u00e0leg inclou obres originals, transcripcions d\u2019obres per a orquestra, arranjaments de bandes sonores de pel\u00b7l\u00edcules i musicals. Entre les seues obres, destaquen la Simfonia n\u00fam. 1 &#8211; El Senyor dels Anells, basada en el llibre de Tolkien.<\/p>\n\n<figure class=\"wp-block-image size-large\"><img decoding=\"async\" src=\"https:\/\/fsmcv.org\/wp-content\/uploads\/2022\/07\/fhfhf-1024x1024.jpg\" alt=\"\" class=\"wp-image-57955\" title=\"\"><figcaption>Johan de Meij<\/figcaption><\/figure>\n<h3 class=\"wp-block-heading\">Autobusos gratu\u00efts per a socis i s\u00f2cies<\/h3>\n\n<p>Reserva la teua pla\u00e7a per anar en autob\u00fas a Ll\u00edria el pr\u00f2xim dia 23 omplint este <a href=\"https:\/\/artisticamanisense.us8.list-manage.com\/track\/click?u=f821cbbd8fcbea8f8cf07ceec&amp;id=f75b19dc59&amp;e=96ce716e17\" target=\"_blank\" rel=\"noreferrer noopener\">formulari<\/a> o apunta&#8217;t en secretaria de dilluns a divendres de 16:00 a 20:00 hores.<\/p>\n","protected":false},"excerpt":{"rendered":"<p>La banda simf\u00f2nica, dirigida per Bram Sniekers, comptar\u00e0 amb Arno Piters com a clarinetista solista i amb el compositor Johan de Meij com a director convidat. Dissabte 23 de juliol a les 19:00 hores al Teatre de la Uni\u00f3 Musical de Ll\u00edria. Entrada lliure i gratu\u00efta. El solista Arno Piters: \u00c9s requint a la Royal [&hellip;]<\/p>\n","protected":false},"author":17,"featured_media":57950,"comment_status":"open","ping_status":"closed","sticky":false,"template":"","format":"standard","meta":{"footnotes":""},"categories":[56],"tags":[],"class_list":["post-57957","post","type-post","status-publish","format-standard","has-post-thumbnail","hentry","category-societats-musicals"],"_links":{"self":[{"href":"https:\/\/fsmcv.org\/vl\/wp-json\/wp\/v2\/posts\/57957","targetHints":{"allow":["GET"]}}],"collection":[{"href":"https:\/\/fsmcv.org\/vl\/wp-json\/wp\/v2\/posts"}],"about":[{"href":"https:\/\/fsmcv.org\/vl\/wp-json\/wp\/v2\/types\/post"}],"author":[{"embeddable":true,"href":"https:\/\/fsmcv.org\/vl\/wp-json\/wp\/v2\/users\/17"}],"replies":[{"embeddable":true,"href":"https:\/\/fsmcv.org\/vl\/wp-json\/wp\/v2\/comments?post=57957"}],"version-history":[{"count":0,"href":"https:\/\/fsmcv.org\/vl\/wp-json\/wp\/v2\/posts\/57957\/revisions"}],"wp:featuredmedia":[{"embeddable":true,"href":"https:\/\/fsmcv.org\/vl\/wp-json\/wp\/v2\/media\/57950"}],"wp:attachment":[{"href":"https:\/\/fsmcv.org\/vl\/wp-json\/wp\/v2\/media?parent=57957"}],"wp:term":[{"taxonomy":"category","embeddable":true,"href":"https:\/\/fsmcv.org\/vl\/wp-json\/wp\/v2\/categories?post=57957"},{"taxonomy":"post_tag","embeddable":true,"href":"https:\/\/fsmcv.org\/vl\/wp-json\/wp\/v2\/tags?post=57957"}],"curies":[{"name":"wp","href":"https:\/\/api.w.org\/{rel}","templated":true}]}}