{"id":57987,"date":"2022-07-18T10:59:46","date_gmt":"2022-07-18T08:59:46","guid":{"rendered":"https:\/\/fsmcv.org\/certamens\/lartistica-manisense-estrena-lobra-trittico-eclettico-de-johan-de-meij-a-lliria\/"},"modified":"2022-07-18T11:04:30","modified_gmt":"2022-07-18T09:04:30","slug":"lartistica-manisense-estrena-lobra-trittico-eclettico-de-johan-de-meij-a-lliria","status":"publish","type":"post","link":"https:\/\/fsmcv.org\/vl\/societats-musicals\/lartistica-manisense-estrena-lobra-trittico-eclettico-de-johan-de-meij-a-lliria\/","title":{"rendered":"L\u2019Art\u00edstica Manisense estrena l\u2019obra Trittico Eclettico de Johan de Meij a Ll\u00edria"},"content":{"rendered":"\n<ul class=\"wp-block-list\"><li>\u2022 La banda simf\u00f2nica de Manises, dirigida per <strong>Bram Sniekers<\/strong>, comptar\u00e0 amb <strong>Arno Piters<\/strong> com a clarinetista solista i amb el compositor <strong>Johan de Meij<\/strong> com a director convidat<\/li><li>\u2022 El concert s\u2019emmarca dins de la col\u00b7laboraci\u00f3 entre Manises i Ll\u00edria com a ciutats creatives de la UNESCO<\/li><\/ul>\n<p><strong>Concert estrena de<em>Trittico Eclettico<\/em><\/strong><\/p>\n\n<p>Banda Simf\u00f2nica de L\u2019Art\u00edstica Manisense<\/p>\n\n<p>Director: Bram Sniekers<\/p>\n\n<p>Solista: Arno Piters<\/p>\n\n<p>Director convidat: Johan de Meij<\/p>\n\n<p>Dissabte 23 de juliol \u2013 19:00 hores<\/p>\n\n<p>Teatre de la Uni\u00f3 Musical de Ll\u00edria<\/p>\n\n<p><strong>Manises, 18 de juliol de 2022.<\/strong> La Banda Simf\u00f2nica de L\u2019Art\u00edstica Manisense realitzar\u00e0 l\u2019estrena a Espanya del concert per a clarinet <em>Trittico Eclettico<\/em>, de Johan de Meij, el pr\u00f2xim dissabte 23 de juliol a les 19:00 hores al Teatre de la Uni\u00f3 Musical de Ll\u00edria. La banda, dirigida per Bram Sniekers, comptar\u00e0 amb Arno Piters, requint de la Royal Concertgebouw Orquestra Amsterdam, com a clarinet solista.<\/p>\n\n<p>L\u2019obra <em>Trittico Eclettico<\/em> s\u2019ha estrenat mundialment aquest 11 de juliol a Kerkrade, i ara L\u2019Art\u00edstica Manisense realitzar\u00e0 l\u2019estrena a Espanya el pr\u00f2xim 23 de juliol.<\/p>\n\n<p>A m\u00e9s, L\u2019Art\u00edstica Manisense comptar\u00e0 amb el compositor Johan de Meij com a convidat, que dirigir\u00e0 la seua obra <em>Year 2020.<\/em> L\u2019obra, que tamb\u00e9 s\u2019interpreta a Espanya per primera vegada, es va composar amb motiu de la pand\u00e8mia i reflecteix all\u00f2 que significa l\u2019any 2020 per al compositor holand\u00e8s.<\/p>\n\n<p>El programa del concert, d\u2019entrada lliure i gratu\u00efta, es completar\u00e0 amb les obres <em>Henry V<\/em>, de Patrick Doyle, i <em>Sinfonietta #1<\/em> de Bart Picqueur.<\/p>\n\n<p>El concert s\u2019emmarca dins de la col\u00b7laboraci\u00f3 entre les dues ciutats creatives de la UNESCO de la prov\u00edncia de Val\u00e8ncia. Manises va ser declarada com a ciutat creativa de la UNESCO en la modalitat d\u2019Artesania i Arts Populars el passat mes de novembre, i s\u2019unia aix\u00ed a Ll\u00edria, que forma part d\u2019aquesta xarxa en la modalitat de M\u00fasica des de 2019.<\/p>\n\n<p><strong>El compositor Johan de Meij<\/strong><\/p>\n\n<p><\/p>\n\n<figure class=\"wp-block-image size-large\"><img decoding=\"async\" src=\"https:\/\/fsmcv.org\/wp-content\/uploads\/2022\/07\/Johan-de-Meij_press-682x1024.jpg\" alt=\"\" class=\"wp-image-57983\" title=\"\"><figcaption>Photo copyright Peter Ross 212.343.8798 www.heypeterross.com<\/figcaption><\/figure>\n<p>Johan de Meij (Pa\u00efsos Baixos, 1953) t\u00e9 una destacada carrera internacional com a compositor i arranjador. El seu cat\u00e0leg inclou obres originals, transcripcions d\u2019obres per a orquestra, arranjaments de bandes sonores de pel\u00b7l\u00edcules i musicals. Entre les seues obres, destaquen la <em>Simfonia n\u00fam. 1 &#8211; El Senyor dels Anells,<\/em> basada en el llibre de Tolkien. Ha rebut diversos guardons com ara el Premi Internacional de Composici\u00f3 de Sudler, el Primer Premi en el Concurs Internacional de Composici\u00f3 Corciano d\u2019It\u00e0lia i el Premi Internacional de Composici\u00f3 del Sultanat d\u2019Oman.<\/p>\n\n<p><strong>El solista Arno Piters<\/strong><\/p>\n\n<figure class=\"wp-block-image size-large\"><img decoding=\"async\" src=\"https:\/\/fsmcv.org\/wp-content\/uploads\/2022\/07\/Arno-Piters_press-682x1024.jpg\" alt=\"\" class=\"wp-image-57985\" title=\"\"><figcaption>Photo: Eduardus Lee<\/figcaption><\/figure>\n<p>Arno Piters (Pa\u00efsos Baixos, 1980) \u00e9s requint a la Royal Concertgebouw Orchestra d&#8217;Amsterdam, l&#8217;orquestra simf\u00f2nica m\u00e9s coneguda i respectada dels Pa\u00efsos Baixos, i considerada com una de les deu millors orquestres del m\u00f3n. \u00c9s int\u00e8rpret convidat en formacions com la Mahler Chamber Orchestra, l\u2019Orquestra de la R\u00e0dio de Col\u00f2nia, la Filharm\u00f2nica de Rotterdam o la World Orchestra for Peace.<\/p>\n\n<p><strong>La Banda Simf\u00f2nica de L\u2019Art\u00edstica Manisense<\/strong><\/p>\n\n<p>La Societat Musical L\u2019Art\u00edstica Manisense naix en 1968, i amb ella la seua banda simf\u00f2nica. Una agrupaci\u00f3 que ha aconseguit els principals palmar\u00e8s a cert\u00e0mens com ara el Certamen Internacional de M\u00fasica Vila d\u2019Altea o el Certamen Internacional de Bandes Val\u00e8ncia, i ha participat convidada per l\u2019organitzaci\u00f3 en el Certamen Internacional de Kerkrade. El guard\u00f3 m\u00e9s recent de la Banda Simf\u00f2nica de L\u2019Art\u00edstica Manisense ha sigut el Primer Premi en el Certamen de Cullera de 2019, ja sota la batuta del seu actual director Bram Sniekers.<\/p>\n","protected":false},"excerpt":{"rendered":"<p>\u2022 La banda simf\u00f2nica de Manises, dirigida per Bram Sniekers, comptar\u00e0 amb Arno Piters com a clarinetista solista i amb el compositor Johan de Meij com a director convidat \u2022 El concert s\u2019emmarca dins de la col\u00b7laboraci\u00f3 entre Manises i Ll\u00edria com a ciutats creatives de la UNESCO Concert estrena deTrittico Eclettico Banda Simf\u00f2nica de [&hellip;]<\/p>\n","protected":false},"author":17,"featured_media":57981,"comment_status":"open","ping_status":"closed","sticky":false,"template":"","format":"standard","meta":{"footnotes":""},"categories":[56],"tags":[],"class_list":["post-57987","post","type-post","status-publish","format-standard","has-post-thumbnail","hentry","category-societats-musicals"],"_links":{"self":[{"href":"https:\/\/fsmcv.org\/vl\/wp-json\/wp\/v2\/posts\/57987","targetHints":{"allow":["GET"]}}],"collection":[{"href":"https:\/\/fsmcv.org\/vl\/wp-json\/wp\/v2\/posts"}],"about":[{"href":"https:\/\/fsmcv.org\/vl\/wp-json\/wp\/v2\/types\/post"}],"author":[{"embeddable":true,"href":"https:\/\/fsmcv.org\/vl\/wp-json\/wp\/v2\/users\/17"}],"replies":[{"embeddable":true,"href":"https:\/\/fsmcv.org\/vl\/wp-json\/wp\/v2\/comments?post=57987"}],"version-history":[{"count":0,"href":"https:\/\/fsmcv.org\/vl\/wp-json\/wp\/v2\/posts\/57987\/revisions"}],"wp:featuredmedia":[{"embeddable":true,"href":"https:\/\/fsmcv.org\/vl\/wp-json\/wp\/v2\/media\/57981"}],"wp:attachment":[{"href":"https:\/\/fsmcv.org\/vl\/wp-json\/wp\/v2\/media?parent=57987"}],"wp:term":[{"taxonomy":"category","embeddable":true,"href":"https:\/\/fsmcv.org\/vl\/wp-json\/wp\/v2\/categories?post=57987"},{"taxonomy":"post_tag","embeddable":true,"href":"https:\/\/fsmcv.org\/vl\/wp-json\/wp\/v2\/tags?post=57987"}],"curies":[{"name":"wp","href":"https:\/\/api.w.org\/{rel}","templated":true}]}}