{"id":5802,"date":"2017-09-05T14:10:36","date_gmt":"2017-09-05T12:10:36","guid":{"rendered":"https:\/\/fsmcv.org\/?post_type=fsmcv-noticias&#038;p=5802"},"modified":"2021-04-06T10:01:28","modified_gmt":"2021-04-06T08:01:28","slug":"inscripcion-para-el-ii-concurso-de-orquestas-bankia-de-la-comunidad-valenciana-2","status":"publish","type":"post","link":"https:\/\/fsmcv.org\/vl\/noticies-campanyes\/concurs-caixabank-dorquestres-de-la-comunitat-valenciana\/inscripcion-para-el-ii-concurso-de-orquestas-bankia-de-la-comunidad-valenciana-2\/","title":{"rendered":"II Concurs d\u2019Orquestres \u201cBankia\u201d de la Comunitat Valenciana"},"content":{"rendered":"<p><span style=\"color: #ff0000;\"><strong>ACTUALITZACI\u00d3: S&#8217;AMPLIA EL TERMINI D&#8217;INSCRIPCI\u00d3 FINS AL DIA 30 DE SETEMBRE. M\u00c9S INFORMACI\u00d3 <a href=\"https:\/\/fsmcv.org\/actualidad\/noticias\/ampliacio-inscripcio-ii-concurs-orquestres-bankia-comunitat-valenciana\">AC\u00cd<\/a>.<\/strong><\/span><\/p>\n<p>La inscripci\u00f3 al &#8220;Concurs d&#8217;Orquestres Bankia de la Comunitat Valenciana&#8221; <strong>finalitza el <del>18 de setembre<\/del> 30 de setembre<\/strong>. El Premi tindr\u00e0 una dotaci\u00f3 de 6.000 \u20ac en cadascuna de les categories. A cada orquestra seleccionada se li donar\u00e0 una compensaci\u00f3 econ\u00f2mica de 2.000 \u20ac per a les orquestres que participen en la categoria &#8220;Salvador Giner&#8221; i de 2.500 \u20ac per a les orquestres que participen en la categoria &#8220;Mart\u00ed i Soler&#8221;. El Jurat concedir\u00e0 un premi de 1.500 \u20ac al millor director de les orquestres participants en una de les dues categories.<\/p>\n<p>Entre elles, es troba que les orquestres que tinguen entre 30 i 50 m\u00fasics\u00a0<span class=\"hiddenGrammarError\">\u00e9s<\/span>\u00a0classificaran en una categoria anomenada \u201cSalvador\u00a0<span class=\"hiddenSpellError\">Giner<\/span>\u201c, en canvi, la categoria de \u201c<span class=\"hiddenSpellError\">Mart\u00edn<\/span>\u00a0i Soler\u201d podran participar aquelles orquestres que estiguen formades entre 51 i 70 m\u00fasics.<\/p>\n<p><span class=\"hiddenGrammarError\">S&#8217;ha de <\/span>tenir en compte que els m\u00fasics que formen part de les orquestres que es presenten deuran estar inscrits en el fitxer de persones relacionades de la\u00a0<span class=\"hiddenSpellError\">FSMCV<\/span>\u00a0dins de la categoria \u201cm\u00fasic\u201d.<\/p>\n<p>Per \u00faltim, entre les bases m\u00e9s importants ha tindre en compte es troba que les orquestres que volen\u00a0presentar-se per ser seleccionades en el concurs han de tindre una antiguitat m\u00ednima de 3 anys\u00a0<span class=\"hiddenGrammarError\">i<\/span>\u00a0es deur\u00e0 tindre una acreditaci\u00f3 en el curr\u00edculum.<\/p>\n<p>Consulta ac\u00ed\u00a0<a href=\"https:\/\/fsmcv.org\/BTnet-storage\/wp-uploads\/2017\/09\/Bases-II-Concurso-de-Orquestas-Bankia.pdf\" target=\"_blank\" rel=\"noopener noreferrer\">les bases del II Concurs d\u2019Orquestres \u201cBankia\u201d de la Comunitat Valenciana<\/a>.<\/p>\n<p>A m\u00e9s, vos deixem\u00a0<a href=\"http:\/\/fsmcv.org\/BTnet-storage\/wp-uploads\/2017\/07\/Inscripcion-concurso-orquestas-Bankia.pdf\">el full d\u2019inscripci\u00f3 per al concurs<\/a>. Recordeu que teniu fins al <del>18 de setembre<\/del> 30 de setembre per poder presentar la vostra sol\u00b7licitud.<\/p>\n","protected":false},"excerpt":{"rendered":"<p>El termini acaba el 30 de setembre. El Premi tindr\u00e0 una dotaci\u00f3 de 6.000 \u20ac en cadascuna de les categories.<\/p>\n","protected":false},"author":2,"featured_media":0,"comment_status":"closed","ping_status":"closed","sticky":false,"template":"","format":"standard","meta":{"footnotes":""},"categories":[31],"tags":[],"class_list":["post-5802","post","type-post","status-publish","format-standard","hentry","category-concurs-caixabank-dorquestres-de-la-comunitat-valenciana"],"_links":{"self":[{"href":"https:\/\/fsmcv.org\/vl\/wp-json\/wp\/v2\/posts\/5802","targetHints":{"allow":["GET"]}}],"collection":[{"href":"https:\/\/fsmcv.org\/vl\/wp-json\/wp\/v2\/posts"}],"about":[{"href":"https:\/\/fsmcv.org\/vl\/wp-json\/wp\/v2\/types\/post"}],"author":[{"embeddable":true,"href":"https:\/\/fsmcv.org\/vl\/wp-json\/wp\/v2\/users\/2"}],"replies":[{"embeddable":true,"href":"https:\/\/fsmcv.org\/vl\/wp-json\/wp\/v2\/comments?post=5802"}],"version-history":[{"count":0,"href":"https:\/\/fsmcv.org\/vl\/wp-json\/wp\/v2\/posts\/5802\/revisions"}],"wp:attachment":[{"href":"https:\/\/fsmcv.org\/vl\/wp-json\/wp\/v2\/media?parent=5802"}],"wp:term":[{"taxonomy":"category","embeddable":true,"href":"https:\/\/fsmcv.org\/vl\/wp-json\/wp\/v2\/categories?post=5802"},{"taxonomy":"post_tag","embeddable":true,"href":"https:\/\/fsmcv.org\/vl\/wp-json\/wp\/v2\/tags?post=5802"}],"curies":[{"name":"wp","href":"https:\/\/api.w.org\/{rel}","templated":true}]}}