{"id":58081,"date":"2022-07-22T14:58:53","date_gmt":"2022-07-22T12:58:53","guid":{"rendered":"https:\/\/fsmcv.org\/certamens\/xx-edicio-del-concurs-de-composicio-de-pasdobles-fallers-dalzira\/"},"modified":"2022-07-22T15:00:25","modified_gmt":"2022-07-22T13:00:25","slug":"xx-edicio-del-concurs-de-composicio-de-pasdobles-fallers-dalzira","status":"publish","type":"post","link":"https:\/\/fsmcv.org\/vl\/societats-musicals\/xx-edicio-del-concurs-de-composicio-de-pasdobles-fallers-dalzira\/","title":{"rendered":"XX Edici\u00f3 del Concurs de Composici\u00f3 de Pasdobles Fallers d&#8217;Alzira"},"content":{"rendered":"\n<p>La Junta Local Fallera d\u2019Alzira i la Societat Musical d\u00b4Alzira han convocat la XX edici\u00f3 del Concurs de Composici\u00f3 de Pasdobles Fallers d\u00b4Alzira.<\/p>\n\n<p>Despr\u00e9s de dos anys es repr\u00e8n aquest concurs amb molta il.lusi\u00f3.<\/p>\n\n<p>Un concurs que va iniciar el seu cam\u00ed amb la 1a convocat\u00f2ria a l\u00b4any 2001 sent president de la Societat Musical Bernat R\u00edos F\u00fario i president de la Junta Local Fallera Joan Josep Dolz Sifre.<\/p>\n\n<p>Es concedeixen dos premis, el primer dotat amb 900 euros que portar\u00e0 el nom de la Fallera Major d\u00b4Alzira i el segon dotat amb 700 euros, dur\u00e0 el nom de la Fallera Major Infantil.<\/p>\n\n<p>L\u00b4admissi\u00f3 de les obres finalitzar\u00e0 el 19 de setembre de 2022 a les 21:00h.<\/p>\n\n<p>Les bases es poden consultar al seg\u00fcent enlla\u00e7:<\/p>\n\n<p><a href=\"https:\/\/www.societatmusicalalzira.org\/noticias\/97-concurso-pasodobles\" target=\"_blank\" rel=\"noopener\">https:\/\/www.societatmusicalalzira.org\/noticias\/97-concurso-pasodobles<\/a><\/p>\n","protected":false},"excerpt":{"rendered":"<p>La Junta Local Fallera d\u2019Alzira i la Societat Musical d\u00b4Alzira han convocat la XX edici\u00f3 del Concurs de Composici\u00f3 de Pasdobles Fallers d\u00b4Alzira. Despr\u00e9s de dos anys es repr\u00e8n aquest concurs amb molta il.lusi\u00f3. Un concurs que va iniciar el seu cam\u00ed amb la 1a convocat\u00f2ria a l\u00b4any 2001 sent president de la Societat Musical [&hellip;]<\/p>\n","protected":false},"author":17,"featured_media":58079,"comment_status":"open","ping_status":"closed","sticky":false,"template":"","format":"standard","meta":{"footnotes":""},"categories":[56],"tags":[],"class_list":["post-58081","post","type-post","status-publish","format-standard","has-post-thumbnail","hentry","category-societats-musicals"],"_links":{"self":[{"href":"https:\/\/fsmcv.org\/vl\/wp-json\/wp\/v2\/posts\/58081","targetHints":{"allow":["GET"]}}],"collection":[{"href":"https:\/\/fsmcv.org\/vl\/wp-json\/wp\/v2\/posts"}],"about":[{"href":"https:\/\/fsmcv.org\/vl\/wp-json\/wp\/v2\/types\/post"}],"author":[{"embeddable":true,"href":"https:\/\/fsmcv.org\/vl\/wp-json\/wp\/v2\/users\/17"}],"replies":[{"embeddable":true,"href":"https:\/\/fsmcv.org\/vl\/wp-json\/wp\/v2\/comments?post=58081"}],"version-history":[{"count":0,"href":"https:\/\/fsmcv.org\/vl\/wp-json\/wp\/v2\/posts\/58081\/revisions"}],"wp:featuredmedia":[{"embeddable":true,"href":"https:\/\/fsmcv.org\/vl\/wp-json\/wp\/v2\/media\/58079"}],"wp:attachment":[{"href":"https:\/\/fsmcv.org\/vl\/wp-json\/wp\/v2\/media?parent=58081"}],"wp:term":[{"taxonomy":"category","embeddable":true,"href":"https:\/\/fsmcv.org\/vl\/wp-json\/wp\/v2\/categories?post=58081"},{"taxonomy":"post_tag","embeddable":true,"href":"https:\/\/fsmcv.org\/vl\/wp-json\/wp\/v2\/tags?post=58081"}],"curies":[{"name":"wp","href":"https:\/\/api.w.org\/{rel}","templated":true}]}}