{"id":58111,"date":"2022-07-26T11:41:53","date_gmt":"2022-07-26T09:41:53","guid":{"rendered":"https:\/\/fsmcv.org\/certamens\/la-societat-musical-santa-cecilia-de-macastre-viatja-a-hongria-per-a-participar-en-un-festival-de-musica\/"},"modified":"2022-07-26T11:54:39","modified_gmt":"2022-07-26T09:54:39","slug":"la-societat-musical-santa-cecilia-de-macastre-viatja-a-hongria-per-a-participar-en-un-festival-de-musica","status":"publish","type":"post","link":"https:\/\/fsmcv.org\/vl\/societats-musicals\/la-societat-musical-santa-cecilia-de-macastre-viatja-a-hongria-per-a-participar-en-un-festival-de-musica\/","title":{"rendered":"La Societat Musical Santa Cecilia de Macastre viatja a Hongria per a participar en un festival de m\u00fasica"},"content":{"rendered":"\n<p>La banda simf\u00f2nica de la Societat Musical \u201cSanta Cecilia\u201d de Macastre ha participat la setmana passada, del 13 al 18 de juliol, en el festival County-*Wandering que s&#8217;ha celebrat a la ciutat hongaresa Mak\u00f3.<\/p>\n\n<p><em>\u201cQuan al setembre ens van plantejar la possibilitat de participar no sab\u00edem si podr\u00edem viatjar perqu\u00e8 era molt dif\u00edcil preveure amb tanta antelaci\u00f3 com estaria la situaci\u00f3 sanit\u00e0ria. Ho parlem amb els m\u00fasics i decidim embarcar-nos en aquesta aventura tan bonica que ha acabat el dilluns passat\u201d<\/em> afirma la presidenta Reyes Clemente. Durant els sis dies del festival s&#8217;han realitzat dos concerts i s&#8217;han visitat diverses ciutats com Budapest i Szeged. Per a abaratir el viatge s&#8217;han realitzat diverses activitats al llarg de l&#8217;any on han participat activament els ve\u00efns de Macastre, aix\u00ed com els m\u00fasics i directius.<\/p>\n\n<p>&#8220;<em>Ha sigut un viatge que ens ha perm\u00e9s \u2018fer Societat\u2019.<\/em> <em>Era molt necessari despr\u00e9s d&#8217;aquests dos anys de pand\u00e8mia perqu\u00e8 hem hagut de continuar la fren\u00e8tica activitat d&#8217;assajos i concerts, per\u00f2 en moltes ocasions no hem pogut realitzar els sopars i activitats l\u00fadiques\u201d<\/em>assegura la presidenta.<\/p>\n\n<p>La banda simf\u00f2nica de la Societat Musical \u201cSanta Cecilia\u201d de Macastre i el conjunt de ball folkl\u00f2ric de Moraczewo (Pol\u00f2nia) van realitzar sengles concerts dissabte passat 16 en Gerend\u00e1s i el diumenge 17 en Szeged. En tots dos municipis el p\u00fablic va quedar meravellat davant el programa interpretat, compost per pasdobles i m\u00fasica tradicional espanyola. Aix\u00ed mateix<\/p>\n\n<p>en la rebuda de l&#8217;alcalde i la vicealcaldessa de Gerend\u00e1s als representants dels grups participants es van entregar productes t\u00edpics de Macastre.<\/p>\n\n<figure class=\"wp-block-image size-large\"><img decoding=\"async\" src=\"https:\/\/fsmcv.org\/wp-content\/uploads\/2022\/07\/Actuacion-Szeged-1-1024x768.jpeg\" alt=\"\" class=\"wp-image-58114\" title=\"\"><figcaption>Actuaci\u00f3 de la banda simf\u00f2nica de la Societat Musical \u201cSanta Cecilia\u201d de Macastre en Szeged (Hongria) davant el museu M\u00f3ra Ferenc.<\/figcaption><\/figure>","protected":false},"excerpt":{"rendered":"<p>La banda simf\u00f2nica de la Societat Musical \u201cSanta Cecilia\u201d de Macastre ha participat la setmana passada, del 13 al 18 de juliol, en el festival County-*Wandering que s&#8217;ha celebrat a la ciutat hongaresa Mak\u00f3. \u201cQuan al setembre ens van plantejar la possibilitat de participar no sab\u00edem si podr\u00edem viatjar perqu\u00e8 era molt dif\u00edcil preveure amb [&hellip;]<\/p>\n","protected":false},"author":17,"featured_media":58109,"comment_status":"open","ping_status":"closed","sticky":false,"template":"","format":"standard","meta":{"footnotes":""},"categories":[56],"tags":[],"class_list":["post-58111","post","type-post","status-publish","format-standard","has-post-thumbnail","hentry","category-societats-musicals"],"_links":{"self":[{"href":"https:\/\/fsmcv.org\/vl\/wp-json\/wp\/v2\/posts\/58111","targetHints":{"allow":["GET"]}}],"collection":[{"href":"https:\/\/fsmcv.org\/vl\/wp-json\/wp\/v2\/posts"}],"about":[{"href":"https:\/\/fsmcv.org\/vl\/wp-json\/wp\/v2\/types\/post"}],"author":[{"embeddable":true,"href":"https:\/\/fsmcv.org\/vl\/wp-json\/wp\/v2\/users\/17"}],"replies":[{"embeddable":true,"href":"https:\/\/fsmcv.org\/vl\/wp-json\/wp\/v2\/comments?post=58111"}],"version-history":[{"count":0,"href":"https:\/\/fsmcv.org\/vl\/wp-json\/wp\/v2\/posts\/58111\/revisions"}],"wp:featuredmedia":[{"embeddable":true,"href":"https:\/\/fsmcv.org\/vl\/wp-json\/wp\/v2\/media\/58109"}],"wp:attachment":[{"href":"https:\/\/fsmcv.org\/vl\/wp-json\/wp\/v2\/media?parent=58111"}],"wp:term":[{"taxonomy":"category","embeddable":true,"href":"https:\/\/fsmcv.org\/vl\/wp-json\/wp\/v2\/categories?post=58111"},{"taxonomy":"post_tag","embeddable":true,"href":"https:\/\/fsmcv.org\/vl\/wp-json\/wp\/v2\/tags?post=58111"}],"curies":[{"name":"wp","href":"https:\/\/api.w.org\/{rel}","templated":true}]}}